{"id":22707,"date":"2021-01-22T16:31:03","date_gmt":"2021-01-22T22:31:03","guid":{"rendered":"http:\/\/www.zonaroja.com.mx\/?p=22707"},"modified":"2021-01-22T16:31:07","modified_gmt":"2021-01-22T22:31:07","slug":"preven-exigir-renuncia-de-nuevo-titular-de-los-sso-por-indagatorias-en-curso","status":"publish","type":"post","link":"https:\/\/zonaroja.com.mx\/?p=22707","title":{"rendered":"Prev\u00e9n exigir renuncia de nuevo titular de los SSO, por indagatorias en curso"},"content":{"rendered":"\n<p>Ismael Garc\u00eda M.\/Zona Roja.<\/p>\n\n\n\n<p>Oaxaca de Ju\u00e1rez, Oax., 22 de enero de 2021.- A menos de una semana de haber asumido el cargo, integrantes de la 64 Legislatura de Oaxaca ya preparan la exigencia de renuncia de Juan Carlos M\u00e1rquez Heine, al frente de los Servicios de Salud de Oaxaca.<\/p>\n\n\n\n<p>Lo anterior, debido a que se mantienen procesos de investigaci\u00f3n en contra del funcionario, a su paso como responsable de lo que fue el R\u00e9gimen Estatal de Protecci\u00f3n Social en Salud, conocido como Seguro Popular.<\/p>\n\n\n\n<p>Asimismo, por las irregularidades en el falso equipamiento del hospital del IMSS de la Heroica Ciudad de Tlaxiaco, revelaron fuentes del Poder Legislativo.<\/p>\n\n\n\n<p>M\u00e1rquez Henie fue designado en el cargo el pasado martes 19 por parte del gobernador Alejandro Murat, en sustituci\u00f3n de Donato Casas Escamilla.<\/p>\n\n\n\n<p>El pr\u00f3ximo martes 26, a una semana de su nombramiento, comparecer\u00e1 ante la Comisi\u00f3n Permanente de Salud del Congreso del Estado, donde preparan la solicitud de renuncia, a fin de que pueda enfrentar los procesos en su contra.<\/p>\n\n\n\n<p>El martes pasado, la asociaci\u00f3n civil \u201cOaxaque\u00f1os Contra la Corrupci\u00f3n\u201d expuso que el nuevo titular de los SSO incurri\u00f3 en la contrataci\u00f3n de empresas \u201cfantasma\u201d a su paso por el Seguro Popular de Oaxaca.<\/p>\n\n\n\n<p>Bajo el contrato REPSS-CASS-049-2018 pag\u00f3 la empresa Servicios Contables y Administrativos Ziario S.A. de C.V.,&nbsp; creada en 2017 , el \u00abCurso Taller Liderazgo y Motivaci\u00f3n\u00bb para personal del Seguro Popular, por 25 horas, por un monto de un mill\u00f3n 200 mil pesos, el cual fue dirigido exclusivamente al Director General, directores de \u00e1rea, subdirectores, enlaces, supervisores y coordinadores.<\/p>\n\n\n\n<p>El 21 de marzo del 2020, el hospital de Tlaxiaco fue equipado con equipo rentado por 15 d\u00edas, para enga\u00f1ar al Presidente Andr\u00e9s Manuel L\u00f3pez Obrador que ya estaba concluido y que podr\u00eda inaugurarse; ese mismo d\u00eda, el director del IMSS, Zo\u00e9 Robledo, revel\u00f3 el timo, por lo cual la apertura se pospuso.<\/p>\n\n\n\n<p>Apenas este jueves, el diputado Horacio Sosa Villavicencio lament\u00f3 que el gobernador Murat haya designado en el puesto a un oriundo del Estado de M\u00e9xico, cuando en la entidad hay personal calificado para asumir la responsabilidad.<\/p>\n","protected":false},"excerpt":{"rendered":"<p>Ismael Garc\u00eda M.\/Zona Roja. Oaxaca de Ju\u00e1rez, Oax., 22 de enero de 2021.- A menos&hellip;<\/p>\n","protected":false},"author":2,"featured_media":22708,"comment_status":"closed","ping_status":"open","sticky":false,"template":"","format":"standard","meta":{"_lmt_disableupdate":"","_lmt_disable":"","_jetpack_memberships_contains_paid_content":false,"footnotes":""},"categories":[109,47],"tags":[1701],"class_list":["post-22707","post","type-post","status-publish","format-standard","has-post-thumbnail","hentry","category-minuto-a-minuto","category-zona-gris","tag-juan-carlos-marquez-heine"],"jetpack_featured_media_url":"https:\/\/zonaroja.com.mx\/wp-content\/uploads\/2021\/01\/Juan-Carlos-Marquez.jpg","jetpack_sharing_enabled":true,"_links":{"self":[{"href":"https:\/\/zonaroja.com.mx\/index.php?rest_route=\/wp\/v2\/posts\/22707","targetHints":{"allow":["GET"]}}],"collection":[{"href":"https:\/\/zonaroja.com.mx\/index.php?rest_route=\/wp\/v2\/posts"}],"about":[{"href":"https:\/\/zonaroja.com.mx\/index.php?rest_route=\/wp\/v2\/types\/post"}],"author":[{"embeddable":true,"href":"https:\/\/zonaroja.com.mx\/index.php?rest_route=\/wp\/v2\/users\/2"}],"replies":[{"embeddable":true,"href":"https:\/\/zonaroja.com.mx\/index.php?rest_route=%2Fwp%2Fv2%2Fcomments&post=22707"}],"version-history":[{"count":1,"href":"https:\/\/zonaroja.com.mx\/index.php?rest_route=\/wp\/v2\/posts\/22707\/revisions"}],"predecessor-version":[{"id":22709,"href":"https:\/\/zonaroja.com.mx\/index.php?rest_route=\/wp\/v2\/posts\/22707\/revisions\/22709"}],"wp:featuredmedia":[{"embeddable":true,"href":"https:\/\/zonaroja.com.mx\/index.php?rest_route=\/wp\/v2\/media\/22708"}],"wp:attachment":[{"href":"https:\/\/zonaroja.com.mx\/index.php?rest_route=%2Fwp%2Fv2%2Fmedia&parent=22707"}],"wp:term":[{"taxonomy":"category","embeddable":true,"href":"https:\/\/zonaroja.com.mx\/index.php?rest_route=%2Fwp%2Fv2%2Fcategories&post=22707"},{"taxonomy":"post_tag","embeddable":true,"href":"https:\/\/zonaroja.com.mx\/index.php?rest_route=%2Fwp%2Fv2%2Ftags&post=22707"}],"curies":[{"name":"wp","href":"https:\/\/api.w.org\/{rel}","templated":true}]}}