{"id":22715,"date":"2021-01-22T20:11:06","date_gmt":"2021-01-23T02:11:06","guid":{"rendered":"http:\/\/www.zonaroja.com.mx\/?p=22715"},"modified":"2021-01-22T20:11:09","modified_gmt":"2021-01-23T02:11:09","slug":"llama-rector-de-la-uabjo-al-dialogo-con-sindicatos-jlca-impedida-para-realizar-audiencias","status":"publish","type":"post","link":"https:\/\/zonaroja.com.mx\/?p=22715","title":{"rendered":"Llama rector de la UABJO al di\u00e1logo con sindicatos; JLCA impedida para realizar audiencias"},"content":{"rendered":"\n<p>Evlin Arag\u00f3n\/Zona Roja.<\/p>\n\n\n\n<p>Oaxaca de Ju\u00e1rez, Oax., 22 de enero de 2021.- El rector de la Universidad Aut\u00f3noma \u201cBenito Ju\u00e1rez\u201d de Oaxaca (UABJO), Eduardo Bautista Mart\u00ednez, llam\u00f3 a la sensatez, sensibilidad y el di\u00e1logo civilizado en las negociaciones con los distintos gremios sindicales, de forma particular con el STEUABJO, a quien solicit\u00f3 no afectar a la ciudadan\u00eda con movilizaciones innecesarias.&nbsp;<\/p>\n\n\n\n<p>Explic\u00f3 que la autoridad universitaria est\u00e1 en completa disposici\u00f3n de revisar los puntos del pliego petitorio y emplazamiento por parte del Sindicato de Trabajadores y Empleados, y en caso de requerir reuniones, se realizar\u00e1n cumpliendo con los protocolos sanitario que prevalecen debido a la pandemia.\u00a0<\/p>\n\n\n\n<p>\u201cAun cuando la Universidad se encuentra en una situaci\u00f3n de suspensi\u00f3n de actividades no esenciales, de car\u00e1cter presencial, no ha dejado de cumplir con puntualidad con todos los sindicatos.<\/p>\n\n\n\n<p>\u201cNo tenemos actividades presenciales desde marzo, estamos sujetos a una actividad de confinamiento; los trabajadores no han estado obligados a asistir a sus centros de trabajo y a\u00fan as\u00ed no han dejado de recibir sus sueldos.<\/p>\n\n\n\n<p>\u201cLa UABJO est\u00e1 mostrando disposici\u00f3n de avanzar, lo estamos haciendo de manera directa; ayer el abogado general tuvo una reuni\u00f3n con ellos, se han tenido mesas de trabajo para revisar las demandas; estamos en \u00e1nimos de cumplir con aquellos aspectos que la Universidad tiene compromiso\u201d, dijo.<\/p>\n\n\n\n<p>Bautista Mart\u00ednez record\u00f3 que el motivo central del emplazamiento a huelga por parte del STEUABJO responde a la pol\u00edtica salarial, la cual es definida por el gobierno federal, de ah\u00ed que no son posibles decisiones de manera local, sin antes conocer la determinaci\u00f3n del presupuesto asignado para la Universidad en este 2021.\u00a0<\/p>\n\n\n\n<p>\u201cLa pol\u00edtica salarial no la define el rector, es importante que as\u00ed lo transmitan a las bases y que no se generen falsas expectativas que con los recursos de presi\u00f3n puedan lograr m\u00e1s; en el momento que se tenga informaci\u00f3n de lo que se autoriza, se dar\u00e1 a conocer\u201d, dijo.<\/p>\n\n\n\n<p>IMPEDIDOS T\u00c9CNICAMENTE<\/p>\n\n\n\n<p>Por su parte, V\u00edctor Quiroz Arrellanes, presidente de la Junta Local de Conciliaci\u00f3n y Arbitraje (JLCA), dio a conocer que las audiencias de car\u00e1cter personal est\u00e1n suspendidas por motivos de la pandemia, de ah\u00ed que a la fecha no se ha podido llevar a cabo un encuentro con la dirigencia del sindicato universitario.&nbsp;<\/p>\n\n\n\n<p>\u201cTenemos una imposibilidad f\u00edsica de llevar a cabo audiencias presenciales por los \u00edndices de contagio y la semaforizaci\u00f3n epidemiol\u00f3gica por la que atraviese la capital del estado\u201d, refiri\u00f3.&nbsp;<\/p>\n\n\n\n<p>Quiroz Arrellanes dijo desconocer la petici\u00f3n real del sindicato, mientras que el emplazamiento a huelga tendr\u00eda que esperar debido a que est\u00e1n pendientes las pl\u00e1ticas conciliatorias en raz\u00f3n de la suspensi\u00f3n de audiencia presenciales determinadas desde el 4 de enero.&nbsp;<\/p>\n\n\n\n<p>Ante las denuncias por parte del STEUABJO de actuar de manera parcial, ya que otros gremios s\u00ed han sido recibidos por la autoridad conciliatoria, el funcionario explic\u00f3 las audiencias se realizaron el a\u00f1o pasado, mientas el sem\u00e1foro epidemiol\u00f3gico se encontraba en otro color y con mayor apertura a las actividades masivas.<\/p>\n\n\n\n<p>REALIZAN \u201cPLANT\u00d3N\u201d<\/p>\n\n\n\n<p>Por su parte la dirigencia de la gremial, encabezada por Ariel Luj\u00e1n P\u00e9rez, se manifest\u00f3 esta ma\u00f1ana a las afueras de la Junta Local para exigir la instalaci\u00f3n de una mesa de negociaci\u00f3n por parte de las autoridades e iniciar las conciliaciones necesarias con la rector\u00eda para revisar su emplazamiento a huelga que depositaron en el mes de diciembre.&nbsp;<\/p>\n\n\n\n<p>Luj\u00e1n P\u00e9rez indic\u00f3 que la autoridad universitaria tiene pendiente la revisi\u00f3n salarial y las violaciones al contrato colectivo de trabajo por lo que piden \u2013a\u00fan con la pandemia- audiencias abiertas y respuestas a sus demandas, mismas que incluyen un 20 por ciento de aumento salarial para evitar la huelga a partir del primero de febrero.&nbsp;<\/p>\n","protected":false},"excerpt":{"rendered":"<p>Evlin Arag\u00f3n\/Zona Roja. Oaxaca de Ju\u00e1rez, Oax., 22 de enero de 2021.- El rector de&hellip;<\/p>\n","protected":false},"author":2,"featured_media":12677,"comment_status":"closed","ping_status":"open","sticky":false,"template":"","format":"standard","meta":{"_lmt_disableupdate":"","_lmt_disable":"","_jetpack_memberships_contains_paid_content":false,"footnotes":""},"categories":[109,47],"tags":[360],"class_list":["post-22715","post","type-post","status-publish","format-standard","has-post-thumbnail","hentry","category-minuto-a-minuto","category-zona-gris","tag-rector-eduardo-bautista-martinez"],"jetpack_featured_media_url":"https:\/\/zonaroja.com.mx\/wp-content\/uploads\/2020\/05\/Eduardo-Bautista.jpg","jetpack_sharing_enabled":true,"_links":{"self":[{"href":"https:\/\/zonaroja.com.mx\/index.php?rest_route=\/wp\/v2\/posts\/22715","targetHints":{"allow":["GET"]}}],"collection":[{"href":"https:\/\/zonaroja.com.mx\/index.php?rest_route=\/wp\/v2\/posts"}],"about":[{"href":"https:\/\/zonaroja.com.mx\/index.php?rest_route=\/wp\/v2\/types\/post"}],"author":[{"embeddable":true,"href":"https:\/\/zonaroja.com.mx\/index.php?rest_route=\/wp\/v2\/users\/2"}],"replies":[{"embeddable":true,"href":"https:\/\/zonaroja.com.mx\/index.php?rest_route=%2Fwp%2Fv2%2Fcomments&post=22715"}],"version-history":[{"count":1,"href":"https:\/\/zonaroja.com.mx\/index.php?rest_route=\/wp\/v2\/posts\/22715\/revisions"}],"predecessor-version":[{"id":22716,"href":"https:\/\/zonaroja.com.mx\/index.php?rest_route=\/wp\/v2\/posts\/22715\/revisions\/22716"}],"wp:featuredmedia":[{"embeddable":true,"href":"https:\/\/zonaroja.com.mx\/index.php?rest_route=\/wp\/v2\/media\/12677"}],"wp:attachment":[{"href":"https:\/\/zonaroja.com.mx\/index.php?rest_route=%2Fwp%2Fv2%2Fmedia&parent=22715"}],"wp:term":[{"taxonomy":"category","embeddable":true,"href":"https:\/\/zonaroja.com.mx\/index.php?rest_route=%2Fwp%2Fv2%2Fcategories&post=22715"},{"taxonomy":"post_tag","embeddable":true,"href":"https:\/\/zonaroja.com.mx\/index.php?rest_route=%2Fwp%2Fv2%2Ftags&post=22715"}],"curies":[{"name":"wp","href":"https:\/\/api.w.org\/{rel}","templated":true}]}}