{"id":22717,"date":"2021-01-22T21:36:17","date_gmt":"2021-01-23T03:36:17","guid":{"rendered":"http:\/\/www.zonaroja.com.mx\/?p=22717"},"modified":"2021-01-22T21:36:22","modified_gmt":"2021-01-23T03:36:22","slug":"a-falta-de-plan-estatal-y-semaforo-rojo-municipios-toman-iniciativas-ante-covid","status":"publish","type":"post","link":"https:\/\/zonaroja.com.mx\/?p=22717","title":{"rendered":"A falta de plan estatal y sem\u00e1foro rojo, municipios toman iniciativas ante Covid"},"content":{"rendered":"\n<p>Yuridiana Sosa\/Zona Roja. Foto: Cortes\u00eda<\/p>\n\n\n\n<p>Oaxaca de Ju\u00e1rez, Oax., 22 de enero de 2021.- Conforme aumenta el n\u00famero de pacientes Covid-19 en Oaxaca a inicios de este a\u00f1o, tambi\u00e9n crece la cantidad de municipios que han decidido aplicar sus propias medidas contra la pandemia, pues el Gobierno del Estado sigue sin implementar acciones m\u00e1s severas para frenar la propagaci\u00f3n de casos.<\/p>\n\n\n\n<p>Es el caso de Ixtl\u00e1n de Ju\u00e1rez, en la Sierra Ju\u00e1rez, donde el ayuntamiento inform\u00f3 la restricci\u00f3n del paso a esta comunidad, en un lapso del 22 de enero a 5 de febrero, con el fin de frenar la propagaci\u00f3n del virus en su poblaci\u00f3n, donde hasta este 21 de enero acumularon 43 casos de forma oficial y tres defunciones.<\/p>\n\n\n\n<p>Las medidas previas en este municipio, que aislaron a la poblaci\u00f3n al inicio de la contingencia, permitieron el atraso del registro de casos de Covid-19 que lleg\u00f3 hasta mayo.<\/p>\n\n\n\n<p>En la disposici\u00f3n actual, la autoridad municipal de Ixtl\u00e1n anunci\u00f3 \u201caislamiento preventivo\u201d, en el cual se pide salir de caso s\u00f3lo en casos esenciales, as\u00ed como \u201cser responsables de sus acciones\u201d; \u201cNo critiquemos, actuemos\u201d, dice el aviso de la autoridad.<\/p>\n\n\n\n<p>Tambi\u00e9n el municipio de Reyes Etla, en Valles Centrales, anunci\u00f3 el pasado 18 de enero que se retomar\u00e1n las medidas sanitarias en la v\u00eda p\u00fablica, establecimientos comerciales, transporte p\u00fablico, entre otras que permiten la reducci\u00f3n de riesgos de contagios.<\/p>\n\n\n\n<p>El ayuntamiento de Tlacolula de Matamoros, en Valles Centrales, determin\u00f3 que a partir del pr\u00f3ximo lunes 25 del presente, la persona que no porte correctamente el cubrebocas, en ese municipio ser\u00e1 detenido por la fuerza p\u00fablica.<\/p>\n\n\n\n<p>La multa para los infractores qued\u00f3 establecida en 200 pesos o la reclusi\u00f3n por 36 horas, pero en caso de reincidencia la sanci\u00f3n ser\u00e1 duplicada, mientras que los menores de edad se har\u00e1n acreedores a un exhorto.<\/p>\n\n\n\n<p>Las medidas fueron aprobadas por el aumento de casos en las poblaciones del valle de Tlacolula, pertenecientes a la Jurisdicci\u00f3n Sanitaria 06, de los Servicios de Salud de Oaxaca (SSO).<\/p>\n\n\n\n<p>Pero la falta de coordinaci\u00f3n dentro del gobierno estatal para la aplicaci\u00f3n de acciones contra el Covid-19 tambi\u00e9n ha provocado medidas particulares en el municipio de Juchit\u00e1n de Zaragoza, en la regi\u00f3n del Istmo, con el cierre de plazas y centros comerciales los pr\u00f3ximos fines de semana, a partir del 23 de enero.<\/p>\n\n\n\n<p>En otras localidades desde inicios de a\u00f1o comenzaron con la aplicaci\u00f3n de restricciones, como son el caso de los municipios de Villa Hidalgo Yalalag en la regi\u00f3n Sierra Norte, con la instalaci\u00f3n de filtros sanitarios en la entrada de la comunidad.<\/p>\n\n\n\n<p>Adem\u00e1s de la comunidad de San Crist\u00f3bal Lachirioag y San Andr\u00e9s Solaga, del mismo distrito de Villa Alta. Las autoridades de Lachirioag tambi\u00e9n levantaron una alerta a su comunidad por el incremento de casos que poco a poco alcanza a las comunidades alejadas.<\/p>\n\n\n\n<p>Son al menos 50 las comunidades en Oaxaca que han recurrido a los filtros para el ingreso a sus poblaciones, de acuerdo a datos de la Defensor\u00eda de los Derechos Humanos del Pueblo de Oaxaca.<\/p>\n\n\n\n<p>Mientras tanto, el mandatario Alejandro Murat se ha negado a solicitar la aplicaci\u00f3n del sem\u00e1foro epidemiol\u00f3gico rojo, a fin de detener la ola de contagios.<\/p>\n","protected":false},"excerpt":{"rendered":"<p>Yuridiana Sosa\/Zona Roja. Foto: Cortes\u00eda Oaxaca de Ju\u00e1rez, Oax., 22 de enero de 2021.- Conforme&hellip;<\/p>\n","protected":false},"author":2,"featured_media":22718,"comment_status":"closed","ping_status":"open","sticky":false,"template":"","format":"standard","meta":{"_lmt_disableupdate":"","_lmt_disable":"","_jetpack_memberships_contains_paid_content":false,"footnotes":""},"categories":[109,47],"tags":[1512],"class_list":["post-22717","post","type-post","status-publish","format-standard","has-post-thumbnail","hentry","category-minuto-a-minuto","category-zona-gris","tag-coronavirus-oaxaca"],"jetpack_featured_media_url":"https:\/\/zonaroja.com.mx\/wp-content\/uploads\/2021\/01\/Ixtlan-Covid.png","jetpack_sharing_enabled":true,"_links":{"self":[{"href":"https:\/\/zonaroja.com.mx\/index.php?rest_route=\/wp\/v2\/posts\/22717","targetHints":{"allow":["GET"]}}],"collection":[{"href":"https:\/\/zonaroja.com.mx\/index.php?rest_route=\/wp\/v2\/posts"}],"about":[{"href":"https:\/\/zonaroja.com.mx\/index.php?rest_route=\/wp\/v2\/types\/post"}],"author":[{"embeddable":true,"href":"https:\/\/zonaroja.com.mx\/index.php?rest_route=\/wp\/v2\/users\/2"}],"replies":[{"embeddable":true,"href":"https:\/\/zonaroja.com.mx\/index.php?rest_route=%2Fwp%2Fv2%2Fcomments&post=22717"}],"version-history":[{"count":1,"href":"https:\/\/zonaroja.com.mx\/index.php?rest_route=\/wp\/v2\/posts\/22717\/revisions"}],"predecessor-version":[{"id":22719,"href":"https:\/\/zonaroja.com.mx\/index.php?rest_route=\/wp\/v2\/posts\/22717\/revisions\/22719"}],"wp:featuredmedia":[{"embeddable":true,"href":"https:\/\/zonaroja.com.mx\/index.php?rest_route=\/wp\/v2\/media\/22718"}],"wp:attachment":[{"href":"https:\/\/zonaroja.com.mx\/index.php?rest_route=%2Fwp%2Fv2%2Fmedia&parent=22717"}],"wp:term":[{"taxonomy":"category","embeddable":true,"href":"https:\/\/zonaroja.com.mx\/index.php?rest_route=%2Fwp%2Fv2%2Fcategories&post=22717"},{"taxonomy":"post_tag","embeddable":true,"href":"https:\/\/zonaroja.com.mx\/index.php?rest_route=%2Fwp%2Fv2%2Ftags&post=22717"}],"curies":[{"name":"wp","href":"https:\/\/api.w.org\/{rel}","templated":true}]}}