{"id":22723,"date":"2021-01-22T22:23:58","date_gmt":"2021-01-23T04:23:58","guid":{"rendered":"http:\/\/www.zonaroja.com.mx\/?p=22723"},"modified":"2021-01-22T22:24:02","modified_gmt":"2021-01-23T04:24:02","slug":"siguen-llenos-de-pacientes-covid-19-hospitales-de-oaxaca","status":"publish","type":"post","link":"https:\/\/zonaroja.com.mx\/?p=22723","title":{"rendered":"Siguen llenos de pacientes Covid, 19 hospitales de Oaxaca"},"content":{"rendered":"\n<p>Redacci\u00f3n\/Zona Roja.<\/p>\n\n\n\n<p>Oaxaca de Ju\u00e1rez, Oax. 22 de enero de 2021.- Los Servicios de Salud de Oaxaca (SSO) advirtieron que el ritmo de contagios de Covid-19 sigue en aumento en la entidad, lo que ha llevado a una ocupaci\u00f3n hospitalaria al corte de este 22 de enero, del 63.1% en las unidades de todo el sector salud.<\/p>\n\n\n\n<p>En un comunicado, la instituci\u00f3n asegur\u00f3 que en la jornada de este viernes, 19 nosocomios reportan 100% de ocupaci\u00f3n de camas; es decir hay 425 camas sin disponibilidad, de un total de 674.<\/p>\n\n\n\n<p>Detall\u00f3 que por Jurisdicci\u00f3n Sanitaria, Valles Centrales contabiliz\u00f3 74.8% de ocupaci\u00f3n de pacientes con complicaciones a causa del virus, Istmo 51.2%, Tuxtepec 40.3%, Mixteca 68.6%, Costa 58.3% y Sierra 5.6%.<\/p>\n\n\n\n<p>Precis\u00f3 que desde el primer caso detectado en la entidad, hasta el d\u00eda de hoy, Oaxaca ha acumulado 32 mil 924 pacientes confirmados, 384 m\u00e1s que el d\u00eda de ayer; as\u00ed como lamentablemente dos mil 383 p\u00e9rdidas fatales, 20 de ellas ocurrieron al corte de este 22 de enero.<\/p>\n\n\n\n<p>Enfatiz\u00f3 que son 83 municipios con contagios nuevos, principalmente: Oaxaca de Ju\u00e1rez con 134 casos nuevos, para un total de nueve mil 635 acumulados; Santa Cruz Xoxocotl\u00e1n 26 casos, con un total de dos mil 056; Santa Luc\u00eda del Camino con 15, con un acumulado de mil 661; Heroica Ciudad de Huajuapan de Le\u00f3n con 14, con un total de mil 131, por mencionar algunos.<\/p>\n\n\n\n<figure class=\"wp-block-embed-twitter wp-block-embed is-type-rich is-provider-twitter\"><div class=\"wp-block-embed__wrapper\">\n<div class=\"twitter-tweet\"><blockquote class=\"twitter-tweet\" data-lang=\"es\"><p lang=\"es\" dir=\"ltr\"><a href=\"https:\/\/twitter.com\/hashtag\/%C3%9AltimoMinuto?src=hash&amp;ref_src=twsrc%5Etfw\">#\u00daltimoMinuto<\/a><br>En <a href=\"https:\/\/twitter.com\/hashtag\/Oaxaca?src=hash&amp;ref_src=twsrc%5Etfw\">#Oaxaca<\/a> la pandemia tambi\u00e9n se mantiene al alza: este viernes, 384 casos positivos, para un acumulado de 32 mil 924; asimismo, 20 fallecimientos, para un total de dos mil 383; hay 19 hospitales saturados de pacientes con coronavirus.<a href=\"https:\/\/twitter.com\/hashtag\/Qu%C3%A9dateEnCasa?src=hash&amp;ref_src=twsrc%5Etfw\">#Qu\u00e9dateEnCasa<\/a> <a href=\"https:\/\/t.co\/WrSsBT5H6h\">pic.twitter.com\/WrSsBT5H6h<\/a><\/p>&mdash; Zona Roja Oaxaca (@MexRoja) <a href=\"https:\/\/twitter.com\/MexRoja\/status\/1352806520568696832?ref_src=twsrc%5Etfw\">23 de enero de 2021<\/a><\/blockquote><\/div>\n<\/div><\/figure>\n\n\n\n<p>Por lo que explic\u00f3, Valles Centrales tiene un global de 22 mil 753 contagios y mil 263 defunciones; Istmo dos mil 760 y 378 muertes; Mixteca dos mil 492 y 209 defunciones; Tuxtepec dos mil 182 y 288 decesos; Costa mil 639 y 156 muertes; Sierra mil 098 y 89 decesos.<\/p>\n\n\n\n<p>Respecto a los fallecimientos, especific\u00f3 que el virus ha sido especialmente mortal en el g\u00e9nero masculino, el cual concentra 65.7% de los fallecimientos divididos por sexo; en tanto que por edad, la incidencia m\u00e1s alta se ubica en los mayores de 65 a\u00f1os con mil 99 notificaciones.<\/p>\n\n\n\n<p>Agreg\u00f3 que se han notificado 15 mil 128 personas que han salido negativas a la enfermedad, cuatro mil 659 son casos sospechosos; as\u00ed tambi\u00e9n 29 mil 789 se han recuperado y hay 752 casos activos.<\/p>\n\n\n\n<p>Finalmente invit\u00f3 a las y los oaxaque\u00f1os a atender las medidas disciplinarias y sanitarias para contener el avance de la pandemia. \u201cHagamos caso a las recomendaciones, si no hay necesidad de salir de casa, no salgas; l\u00e1vate las manos con agua y jab\u00f3n de manera constante, usa en todo momento el cubrebocas y cuidemos que nuestras familias este bien alimentadas, a fin de prevenir la enfermedad y si somos afectados, no se complique\u201d.<\/p>\n","protected":false},"excerpt":{"rendered":"<p>Redacci\u00f3n\/Zona Roja. Oaxaca de Ju\u00e1rez, Oax. 22 de enero de 2021.- Los Servicios de Salud&hellip;<\/p>\n","protected":false},"author":2,"featured_media":22724,"comment_status":"closed","ping_status":"open","sticky":false,"template":"","format":"standard","meta":{"_lmt_disableupdate":"","_lmt_disable":"","_jetpack_memberships_contains_paid_content":false,"footnotes":""},"categories":[109,47],"tags":[1512],"class_list":["post-22723","post","type-post","status-publish","format-standard","has-post-thumbnail","hentry","category-minuto-a-minuto","category-zona-gris","tag-coronavirus-oaxaca"],"jetpack_featured_media_url":"https:\/\/zonaroja.com.mx\/wp-content\/uploads\/2021\/01\/SSO-1-4-1.jpeg","jetpack_sharing_enabled":true,"_links":{"self":[{"href":"https:\/\/zonaroja.com.mx\/index.php?rest_route=\/wp\/v2\/posts\/22723","targetHints":{"allow":["GET"]}}],"collection":[{"href":"https:\/\/zonaroja.com.mx\/index.php?rest_route=\/wp\/v2\/posts"}],"about":[{"href":"https:\/\/zonaroja.com.mx\/index.php?rest_route=\/wp\/v2\/types\/post"}],"author":[{"embeddable":true,"href":"https:\/\/zonaroja.com.mx\/index.php?rest_route=\/wp\/v2\/users\/2"}],"replies":[{"embeddable":true,"href":"https:\/\/zonaroja.com.mx\/index.php?rest_route=%2Fwp%2Fv2%2Fcomments&post=22723"}],"version-history":[{"count":1,"href":"https:\/\/zonaroja.com.mx\/index.php?rest_route=\/wp\/v2\/posts\/22723\/revisions"}],"predecessor-version":[{"id":22725,"href":"https:\/\/zonaroja.com.mx\/index.php?rest_route=\/wp\/v2\/posts\/22723\/revisions\/22725"}],"wp:featuredmedia":[{"embeddable":true,"href":"https:\/\/zonaroja.com.mx\/index.php?rest_route=\/wp\/v2\/media\/22724"}],"wp:attachment":[{"href":"https:\/\/zonaroja.com.mx\/index.php?rest_route=%2Fwp%2Fv2%2Fmedia&parent=22723"}],"wp:term":[{"taxonomy":"category","embeddable":true,"href":"https:\/\/zonaroja.com.mx\/index.php?rest_route=%2Fwp%2Fv2%2Fcategories&post=22723"},{"taxonomy":"post_tag","embeddable":true,"href":"https:\/\/zonaroja.com.mx\/index.php?rest_route=%2Fwp%2Fv2%2Ftags&post=22723"}],"curies":[{"name":"wp","href":"https:\/\/api.w.org\/{rel}","templated":true}]}}