{"id":22729,"date":"2021-01-23T08:00:13","date_gmt":"2021-01-23T14:00:13","guid":{"rendered":"http:\/\/www.zonaroja.com.mx\/?p=22729"},"modified":"2021-01-23T08:00:17","modified_gmt":"2021-01-23T14:00:17","slug":"tras-semanas-de-violencia-entra-gobierno-a-zona-triqui-no-halla-muertos","status":"publish","type":"post","link":"https:\/\/zonaroja.com.mx\/?p=22729","title":{"rendered":"Tras semanas de violencia, entra gobierno a zona triqui; no halla muertos"},"content":{"rendered":"\n<p>Redacci\u00f3n\/Zona Roja<\/p>\n\n\n\n<p>Oaxaca de Ju\u00e1rez, Oax., 23 de enero de 2021.- Luego de casi un mes de denuncias de violencia en comunidades de la zona Triqui de Oaxaca, autoridades estatales y defensores de derechos humanos, lograron ingresar ayer a Tierra Blanca Copala, Juxtlahuaca.<\/p>\n\n\n\n<p>Sin embargo, en un comunicado de prensa la autoridad estatal no hall\u00f3 ni personas fallecidas ni lesionadas ni situaci\u00f3n de hambruna.<\/p>\n\n\n\n<p>FALLECIDOS Y HERIDOS<\/p>\n\n\n\n<p>Ayer por la ma\u00f1ana, en entrevista con el portal \u201cEstado 20\u201d, Melisa C\u00e1rdenas, integrante del Movimiento de Unificaci\u00f3n de Lucha Triqui Independiente (MULTI), afirm\u00f3 que son tres las personas asesinadas y siete heridas por ataques armados perpetrados presuntamente por el MULT en Tierra Blanca Copala<\/p>\n\n\n\n<p>Exigi\u00f3 que la Guardia Nacional rescate a m\u00e1s de 50 personas entre ni\u00f1os, mujeres y hombres, secuestrados por paramilitares en esa zona ubicada en la Mixteca de Oaxaca.<\/p>\n\n\n\n<p>De acuerdo a la declaraci\u00f3n de Melisa C\u00e1rdenas, las tres v\u00edctimas asesinadas fueron identificadas como Andr\u00e9s Mart\u00ednez L\u00f3pez, Marcelino Ram\u00edrez de Jes\u00fas y Tom\u00e1s Mart\u00ednez Garc\u00eda.<\/p>\n\n\n\n<p>En tanto, las siete personas heridas fueron Jos\u00e9 Andr\u00e9s Mart\u00ednez Mart\u00ednez , Sheila Mart\u00ednez Mart\u00ednez, Darwin Nelson Mart\u00ednez, Pascual Mart\u00ednez L\u00f3pez, Pedro Velasco, Modesto L\u00f3pez y Aida Mart\u00ednez quienes se encuentran hacinados y en condiciones inhumanas al estar retenidos.<\/p>\n\n\n\n<p>Adem\u00e1s, Melisa C\u00e1rdenas, explic\u00f3 previo a este hecho, en diciembre pasado una familia hab\u00eda sido emboscada hiriendo de gravedad con impactos de bala a tres ni\u00f1os, dos de ellos permanecen a\u00fan en el hospital y uno ya fue dado de alta, el padre de ellos, falleci\u00f3 en el lugar.<\/p>\n\n\n\n<figure class=\"wp-block-embed-twitter wp-block-embed is-type-rich is-provider-twitter\"><div class=\"wp-block-embed__wrapper\">\n<div class=\"twitter-tweet\"><blockquote class=\"twitter-tweet\" data-lang=\"es\"><p lang=\"es\" dir=\"ltr\">Melisa C\u00e1rdenas, integrante del MULTI, afirma que son tres las personas asesinadas y 7 heridas por ataques armados por el MULT en Tierra Blanca Copala; exige que la Guardia Nacional rescate a m\u00e1s de 50 personas entre ni\u00f1os, mujeres y hombres, secuestrados por paramilitares <a href=\"https:\/\/t.co\/57DQyVjlWb\">pic.twitter.com\/57DQyVjlWb<\/a><\/p>&mdash; Estado20 (@Estado20) <a href=\"https:\/\/twitter.com\/Estado20\/status\/1352765779683512323?ref_src=twsrc%5Etfw\">22 de enero de 2021<\/a><\/blockquote><\/div>\n<\/div><\/figure>\n\n\n\n<p>NO HAY TAL<\/p>\n\n\n\n<p>Este viernes, personal de la Secretar\u00eda de Seguridad P\u00fablica de Oaxaca (SSPO), Servicios de Salud de Oaxaca (SSO) y Secretar\u00eda General de Gobierno, acompa\u00f1ados por visitadores de la Defensor\u00eda de los Derechos Humanos del Pueblo de Oaxaca, ingresaron a Tierra Blanca, con m\u00e9dicos, medicinas y alimentos.<\/p>\n\n\n\n<p>\u201cLuego del recorrido de verificaci\u00f3n, la Comisi\u00f3n inform\u00f3 que se entreg\u00f3 ayuda alimentaria a la poblaci\u00f3n y no se registraron decesos, ni personas adultas o menores de edad heridos o que ameritaran traslado para atenci\u00f3n m\u00e9dica\u201d, expuso el gobierno en un bolet\u00edn de prensa.<\/p>\n\n\n\n<p>Detall\u00f3 que el 20 de enero, la Segego coordin\u00f3 el ingreso de una ambulancia a Tierra Blanca, Copala; \u201cen esta primera acci\u00f3n no se registraron personas que necesitaran atenci\u00f3n m\u00e9dica. Asimismo, 21 de enero ingres\u00f3 una segunda ambulancia, y tampoco se encontraron personas heridas que ameritaran atenci\u00f3n m\u00e9dica o traslado a alg\u00fan nosocomio\u201d.<\/p>\n","protected":false},"excerpt":{"rendered":"<p>Redacci\u00f3n\/Zona Roja Oaxaca de Ju\u00e1rez, Oax., 23 de enero de 2021.- Luego de casi un&hellip;<\/p>\n","protected":false},"author":2,"featured_media":22730,"comment_status":"closed","ping_status":"open","sticky":false,"template":"","format":"standard","meta":{"_lmt_disableupdate":"","_lmt_disable":"","_jetpack_memberships_contains_paid_content":false,"footnotes":""},"categories":[109,47],"tags":[1712],"class_list":["post-22729","post","type-post","status-publish","format-standard","has-post-thumbnail","hentry","category-minuto-a-minuto","category-zona-gris","tag-tierra-blanca-copala"],"jetpack_featured_media_url":"https:\/\/zonaroja.com.mx\/wp-content\/uploads\/2021\/01\/Gobierno-Tierra-Blanca-Copala-1.jpeg","jetpack_sharing_enabled":true,"_links":{"self":[{"href":"https:\/\/zonaroja.com.mx\/index.php?rest_route=\/wp\/v2\/posts\/22729","targetHints":{"allow":["GET"]}}],"collection":[{"href":"https:\/\/zonaroja.com.mx\/index.php?rest_route=\/wp\/v2\/posts"}],"about":[{"href":"https:\/\/zonaroja.com.mx\/index.php?rest_route=\/wp\/v2\/types\/post"}],"author":[{"embeddable":true,"href":"https:\/\/zonaroja.com.mx\/index.php?rest_route=\/wp\/v2\/users\/2"}],"replies":[{"embeddable":true,"href":"https:\/\/zonaroja.com.mx\/index.php?rest_route=%2Fwp%2Fv2%2Fcomments&post=22729"}],"version-history":[{"count":1,"href":"https:\/\/zonaroja.com.mx\/index.php?rest_route=\/wp\/v2\/posts\/22729\/revisions"}],"predecessor-version":[{"id":22731,"href":"https:\/\/zonaroja.com.mx\/index.php?rest_route=\/wp\/v2\/posts\/22729\/revisions\/22731"}],"wp:featuredmedia":[{"embeddable":true,"href":"https:\/\/zonaroja.com.mx\/index.php?rest_route=\/wp\/v2\/media\/22730"}],"wp:attachment":[{"href":"https:\/\/zonaroja.com.mx\/index.php?rest_route=%2Fwp%2Fv2%2Fmedia&parent=22729"}],"wp:term":[{"taxonomy":"category","embeddable":true,"href":"https:\/\/zonaroja.com.mx\/index.php?rest_route=%2Fwp%2Fv2%2Fcategories&post=22729"},{"taxonomy":"post_tag","embeddable":true,"href":"https:\/\/zonaroja.com.mx\/index.php?rest_route=%2Fwp%2Fv2%2Ftags&post=22729"}],"curies":[{"name":"wp","href":"https:\/\/api.w.org\/{rel}","templated":true}]}}