{"id":2273,"date":"2019-07-15T07:37:29","date_gmt":"2019-07-15T12:37:29","guid":{"rendered":"http:\/\/www.zonaroja.com.mx\/?p=2273"},"modified":"2019-07-15T07:37:31","modified_gmt":"2019-07-15T12:37:31","slug":"matan-a-punaladas-a-travesti-y-hallan-muerta-a-universitaria","status":"publish","type":"post","link":"https:\/\/zonaroja.com.mx\/?p=2273","title":{"rendered":"Matan a pu\u00f1aladas a travesti y hallan muerta a universitaria"},"content":{"rendered":"\n<p>Redacci\u00f3n<\/p>\n\n\n\n<p>Oaxaca de\nJu\u00e1rez, Oax., 15 de julio de 2019.- Un travesti, integrante de la comunidad\nLGBTT, fue asesinado a pu\u00f1aladas este domingo en el Centro Hist\u00f3rico de la\nciudad de Oaxaca, mientras que la v\u00edspera fue hallada muerta una estudiante\ntambi\u00e9n en la capital del estado.<\/p>\n\n\n\n<p>Alrededor de\nla una de la ma\u00f1ana, en la esquina de Las Casas con Victoria, param\u00e9dicos\nauxiliaron a una persona del sexo masculino vestido de mujer, que presentaba en\nel pecho una herida producida por arma blanca.<\/p>\n\n\n\n<p>Tras ello,\nfue trasladado al Hospital General \u201cDr. Aurelio Valdivieso\u201d pero falleci\u00f3 al\nrecibir atenci\u00f3n m\u00e9dica; fue identificado como Carlos V. G., quien se dedicaba\npresuntamente a la prostituci\u00f3n.<\/p>\n\n\n\n<p>De acuerdo\ncon las primeras indagatorias de la Vicefiscal\u00eda General Zona Centro, la\nv\u00edctima fue abordado por un individuo que le requiri\u00f3 los servicios sexuales;\npara ello lo subi\u00f3 a un coche tipo Tsuru, marca Nissan, pero en el interior\ntuvieron una discusi\u00f3n, por lo cual lo atac\u00f3 con un arma blanca.<\/p>\n\n\n\n<p>Por otra\nparte, en un domicilio de la agencia de Candiani de la capital oaxaque\u00f1a fue\nhallado el s\u00e1bado por la tarde el cad\u00e1ver en estado de putrefacci\u00f3n de una estudiante\nde la Facultad de Derecho y Ciencias Sociales de la Universidad Aut\u00f3noma \u201cBenito\nJu\u00e1rez\u201d de Oaxaca.<\/p>\n\n\n\n<p>La joven Dinorah,\nde 23 a\u00f1os de edad, fue hallada en un charco de sangre en el cuarto que\nrentaba; hasta ahora se desconoce el m\u00f3vil del crimen ocurrido en el n\u00famero 104\nde la calle Palmas. Era originaria de Puerto \u00c1ngel, San Pedro Pochutla.<\/p>\n","protected":false},"excerpt":{"rendered":"<p>Redacci\u00f3n Oaxaca de Ju\u00e1rez, Oax., 15 de julio de 2019.- Un travesti, integrante de la&hellip;<\/p>\n","protected":false},"author":2,"featured_media":2274,"comment_status":"closed","ping_status":"open","sticky":false,"template":"","format":"standard","meta":{"_lmt_disableupdate":"","_lmt_disable":"","_jetpack_memberships_contains_paid_content":false,"footnotes":""},"categories":[109,51],"tags":[],"class_list":["post-2273","post","type-post","status-publish","format-standard","has-post-thumbnail","hentry","category-minuto-a-minuto","category-zona-roja"],"jetpack_featured_media_url":"https:\/\/zonaroja.com.mx\/wp-content\/uploads\/2019\/07\/IMG_9575.jpg","jetpack_sharing_enabled":true,"_links":{"self":[{"href":"https:\/\/zonaroja.com.mx\/index.php?rest_route=\/wp\/v2\/posts\/2273","targetHints":{"allow":["GET"]}}],"collection":[{"href":"https:\/\/zonaroja.com.mx\/index.php?rest_route=\/wp\/v2\/posts"}],"about":[{"href":"https:\/\/zonaroja.com.mx\/index.php?rest_route=\/wp\/v2\/types\/post"}],"author":[{"embeddable":true,"href":"https:\/\/zonaroja.com.mx\/index.php?rest_route=\/wp\/v2\/users\/2"}],"replies":[{"embeddable":true,"href":"https:\/\/zonaroja.com.mx\/index.php?rest_route=%2Fwp%2Fv2%2Fcomments&post=2273"}],"version-history":[{"count":1,"href":"https:\/\/zonaroja.com.mx\/index.php?rest_route=\/wp\/v2\/posts\/2273\/revisions"}],"predecessor-version":[{"id":2275,"href":"https:\/\/zonaroja.com.mx\/index.php?rest_route=\/wp\/v2\/posts\/2273\/revisions\/2275"}],"wp:featuredmedia":[{"embeddable":true,"href":"https:\/\/zonaroja.com.mx\/index.php?rest_route=\/wp\/v2\/media\/2274"}],"wp:attachment":[{"href":"https:\/\/zonaroja.com.mx\/index.php?rest_route=%2Fwp%2Fv2%2Fmedia&parent=2273"}],"wp:term":[{"taxonomy":"category","embeddable":true,"href":"https:\/\/zonaroja.com.mx\/index.php?rest_route=%2Fwp%2Fv2%2Fcategories&post=2273"},{"taxonomy":"post_tag","embeddable":true,"href":"https:\/\/zonaroja.com.mx\/index.php?rest_route=%2Fwp%2Fv2%2Ftags&post=2273"}],"curies":[{"name":"wp","href":"https:\/\/api.w.org\/{rel}","templated":true}]}}