{"id":22732,"date":"2021-01-23T08:06:22","date_gmt":"2021-01-23T14:06:22","guid":{"rendered":"http:\/\/www.zonaroja.com.mx\/?p=22732"},"modified":"2021-01-23T08:06:25","modified_gmt":"2021-01-23T14:06:25","slug":"asegura-congreso-que-comparecencias-seran-en-comisiones-para-evitar-covid","status":"publish","type":"post","link":"https:\/\/zonaroja.com.mx\/?p=22732","title":{"rendered":"Asegura Congreso que comparecencias ser\u00e1n en comisiones, para evitar Covid"},"content":{"rendered":"\n<p>Redacci\u00f3n\/Zona Roja.<\/p>\n\n\n\n<p>Oaxaca de Ju\u00e1rez, Oax., 23 de enero de 2021.- Las comparecencias de las dependencias del Poder Ejecutivo, programadas del 26 de enero al 10 de febrero en el Congreso local, en el marco de la Glosa del Cuarto Informe del Gobierno del Estado, se realizar\u00e1n \u00fanicamente ante las y los congresistas que integren las Comisiones Legislativas respectivas.<\/p>\n\n\n\n<p>Adem\u00e1s, para evitar la movilizaci\u00f3n innecesaria del funcionariado de las diversas dependencias, esta representaci\u00f3n popular inst\u00f3 a los y las comparecientes, a abstenerse de invitar y trasladar al personal a dichas actividades.<\/p>\n\n\n\n<p>De esta manera, el Poder Legislativo har\u00e1 efectivo el cumplimiento de la obligaci\u00f3n de rendir cuentas ante la ciudadan\u00eda de Oaxaca, y a su vez garantizar\u00e1 la presencia m\u00ednima de personas en el sal\u00f3n de sesiones, en atenci\u00f3n a las medidas y protocolos sanitarios emitidos por las autoridades correspondientes.<\/p>\n\n\n\n<p>Previo al inicio de cada comparecencia ante las Comisiones permanentes, se realizar\u00e1 por parte del personal de Servicios Generales del Congreso, la sanitizaci\u00f3n del recinto, micr\u00f3fonos, asientos, curules y las \u00e1reas de uso com\u00fan.<\/p>\n\n\n\n<p>Adem\u00e1s, en los accesos a la sede y al Pleno Legislativo, personal de Seguridad y Resguardo y de Servicios M\u00e9dicos, mantendr\u00e1n los filtros sanitarios para el lavado de manos, desinfecci\u00f3n de calzados, toma de temperatura, aplicaci\u00f3n de sanitizante, gel antibacterial, y la vigilancia del uso de cubrebocas.<\/p>\n","protected":false},"excerpt":{"rendered":"<p>Redacci\u00f3n\/Zona Roja. Oaxaca de Ju\u00e1rez, Oax., 23 de enero de 2021.- Las comparecencias de las&hellip;<\/p>\n","protected":false},"author":2,"featured_media":16473,"comment_status":"closed","ping_status":"open","sticky":false,"template":"","format":"standard","meta":{"_lmt_disableupdate":"","_lmt_disable":"","_jetpack_memberships_contains_paid_content":false,"footnotes":""},"categories":[109,46],"tags":[213],"class_list":["post-22732","post","type-post","status-publish","format-standard","has-post-thumbnail","hentry","category-minuto-a-minuto","category-zona-blanca","tag-64-legislatura-de-oaxaca"],"jetpack_featured_media_url":"https:\/\/zonaroja.com.mx\/wp-content\/uploads\/2020\/08\/Congreso-de-Oaxaca.png","jetpack_sharing_enabled":true,"_links":{"self":[{"href":"https:\/\/zonaroja.com.mx\/index.php?rest_route=\/wp\/v2\/posts\/22732","targetHints":{"allow":["GET"]}}],"collection":[{"href":"https:\/\/zonaroja.com.mx\/index.php?rest_route=\/wp\/v2\/posts"}],"about":[{"href":"https:\/\/zonaroja.com.mx\/index.php?rest_route=\/wp\/v2\/types\/post"}],"author":[{"embeddable":true,"href":"https:\/\/zonaroja.com.mx\/index.php?rest_route=\/wp\/v2\/users\/2"}],"replies":[{"embeddable":true,"href":"https:\/\/zonaroja.com.mx\/index.php?rest_route=%2Fwp%2Fv2%2Fcomments&post=22732"}],"version-history":[{"count":1,"href":"https:\/\/zonaroja.com.mx\/index.php?rest_route=\/wp\/v2\/posts\/22732\/revisions"}],"predecessor-version":[{"id":22733,"href":"https:\/\/zonaroja.com.mx\/index.php?rest_route=\/wp\/v2\/posts\/22732\/revisions\/22733"}],"wp:featuredmedia":[{"embeddable":true,"href":"https:\/\/zonaroja.com.mx\/index.php?rest_route=\/wp\/v2\/media\/16473"}],"wp:attachment":[{"href":"https:\/\/zonaroja.com.mx\/index.php?rest_route=%2Fwp%2Fv2%2Fmedia&parent=22732"}],"wp:term":[{"taxonomy":"category","embeddable":true,"href":"https:\/\/zonaroja.com.mx\/index.php?rest_route=%2Fwp%2Fv2%2Fcategories&post=22732"},{"taxonomy":"post_tag","embeddable":true,"href":"https:\/\/zonaroja.com.mx\/index.php?rest_route=%2Fwp%2Fv2%2Ftags&post=22732"}],"curies":[{"name":"wp","href":"https:\/\/api.w.org\/{rel}","templated":true}]}}