{"id":22734,"date":"2021-01-23T08:20:02","date_gmt":"2021-01-23T14:20:02","guid":{"rendered":"http:\/\/www.zonaroja.com.mx\/?p=22734"},"modified":"2021-01-23T08:20:06","modified_gmt":"2021-01-23T14:20:06","slug":"pueden-estados-del-pais-e-iniciativa-privada-comprar-vacunas-anti-covid-19","status":"publish","type":"post","link":"https:\/\/zonaroja.com.mx\/?p=22734","title":{"rendered":"Pueden estados del pa\u00eds e iniciativa privada comprar vacunas anti Covid-19"},"content":{"rendered":"\n<p>Redacci\u00f3n\/Zona Roja Cdmx.<\/p>\n\n\n\n<p>Ciudad de M\u00e9xico, 23 de enero de 2021.- Mandatarios de varias entidades del pa\u00eds analizan la compra de lotes propios para inmunizar a su poblaci\u00f3n, luego de que el Presidente Andr\u00e9s Manuel L\u00f3pez Obrador anunciara que se va a permitir a estados y empresarios la compra de vacunas.<\/p>\n\n\n\n<p>La jefa de Gobierno, Claudia Sheinbaum, se\u00f1al\u00f3 que su administraci\u00f3n va a buscar esa posibilidad a partir de marzo, cuando la producci\u00f3n del ant\u00eddoto sea mayor.<\/p>\n\n\n\n<p>\u201cObviamente el tema es la disponibilidad de las vacunas y el que hayan sido autorizadas, no solamente por cofepris, sino que hayan sido autorizadas en otros pa\u00edses\u201d, dijo en conferencia de prensa.<\/p>\n\n\n\n<p>En ese mismo sentido se expresaron ejecutivos de otros estados como Miguel Barbosa, de Puebla, y Omar Fayad, de Hidalgo, quienes sostuvieron que se debe cooperar con el gobierno federal.<\/p>\n\n\n\n<p>En Sonora, el titular de Salud local, Enrique Claussen, dijo que ya est\u00e1n en pl\u00e1ticas con AstraZeneca, para la compra del medicamento.<\/p>\n\n\n\n<p>Los mandatarios de la Alianza Federalista, afirmaron que tomar\u00e1n la palabra al Presidente y buscar\u00e1n hacer la compra, aunque lamentaron que el anuncio fuera tard\u00edo.<\/p>\n\n\n\n<p>La Coparmex consider\u00f3 que para que estados y el sector privado puedan adquirir vacunas tomar\u00e1 varios meses, aunque pusieron a disposici\u00f3n la capacidad de distribuci\u00f3n del empresariado, que posibilita la cobertura de 11 millones de mexicanos por mes.<\/p>\n\n\n\n<p>La Ciudad de M\u00e9xico se mantendr\u00e1 la pr\u00f3xima semana en el color rojo del Sem\u00e1foro Epidemiol\u00f3gico, inform\u00f3 la jefa de Gobierno.<\/p>\n\n\n\n<p>Sin embargo, podr\u00e1n reabrir a partir del lunes autocinemas, papeler\u00edas, tiendas de art\u00edculos de cocina y de materiales de construcci\u00f3n.<\/p>\n\n\n\n<p>(Informaci\u00f3n de \u201cEl Heraldo de M\u00e9xico\u201d)<\/p>\n","protected":false},"excerpt":{"rendered":"<p>Redacci\u00f3n\/Zona Roja Cdmx. Ciudad de M\u00e9xico, 23 de enero de 2021.- Mandatarios de varias entidades&hellip;<\/p>\n","protected":false},"author":2,"featured_media":22735,"comment_status":"closed","ping_status":"open","sticky":false,"template":"","format":"standard","meta":{"_lmt_disableupdate":"","_lmt_disable":"","_jetpack_memberships_contains_paid_content":false,"footnotes":""},"categories":[109,47],"tags":[1328],"class_list":["post-22734","post","type-post","status-publish","format-standard","has-post-thumbnail","hentry","category-minuto-a-minuto","category-zona-gris","tag-coronavirus-mexico"],"jetpack_featured_media_url":"https:\/\/zonaroja.com.mx\/wp-content\/uploads\/2021\/01\/Vacunas-coronavirus.jpg","jetpack_sharing_enabled":true,"_links":{"self":[{"href":"https:\/\/zonaroja.com.mx\/index.php?rest_route=\/wp\/v2\/posts\/22734","targetHints":{"allow":["GET"]}}],"collection":[{"href":"https:\/\/zonaroja.com.mx\/index.php?rest_route=\/wp\/v2\/posts"}],"about":[{"href":"https:\/\/zonaroja.com.mx\/index.php?rest_route=\/wp\/v2\/types\/post"}],"author":[{"embeddable":true,"href":"https:\/\/zonaroja.com.mx\/index.php?rest_route=\/wp\/v2\/users\/2"}],"replies":[{"embeddable":true,"href":"https:\/\/zonaroja.com.mx\/index.php?rest_route=%2Fwp%2Fv2%2Fcomments&post=22734"}],"version-history":[{"count":1,"href":"https:\/\/zonaroja.com.mx\/index.php?rest_route=\/wp\/v2\/posts\/22734\/revisions"}],"predecessor-version":[{"id":22736,"href":"https:\/\/zonaroja.com.mx\/index.php?rest_route=\/wp\/v2\/posts\/22734\/revisions\/22736"}],"wp:featuredmedia":[{"embeddable":true,"href":"https:\/\/zonaroja.com.mx\/index.php?rest_route=\/wp\/v2\/media\/22735"}],"wp:attachment":[{"href":"https:\/\/zonaroja.com.mx\/index.php?rest_route=%2Fwp%2Fv2%2Fmedia&parent=22734"}],"wp:term":[{"taxonomy":"category","embeddable":true,"href":"https:\/\/zonaroja.com.mx\/index.php?rest_route=%2Fwp%2Fv2%2Fcategories&post=22734"},{"taxonomy":"post_tag","embeddable":true,"href":"https:\/\/zonaroja.com.mx\/index.php?rest_route=%2Fwp%2Fv2%2Ftags&post=22734"}],"curies":[{"name":"wp","href":"https:\/\/api.w.org\/{rel}","templated":true}]}}