{"id":22737,"date":"2021-01-23T08:25:38","date_gmt":"2021-01-23T14:25:38","guid":{"rendered":"http:\/\/www.zonaroja.com.mx\/?p=22737"},"modified":"2021-01-23T08:25:43","modified_gmt":"2021-01-23T14:25:43","slug":"presidentes-lopez-obrador-y-joe-biden-pactan-unir-esfuerzos","status":"publish","type":"post","link":"https:\/\/zonaroja.com.mx\/?p=22737","title":{"rendered":"Presidentes L\u00f3pez Obrador y Joe Biden pactan unir esfuerzos"},"content":{"rendered":"\n<p>Redacci\u00f3n\/Zona Roja Cdmx.<\/p>\n\n\n\n<p>Ciudad de M\u00e9xico, 23 de enero de 2021.- Los presidentes de M\u00e9xico, Andr\u00e9s Manuel L\u00f3pez Obrador, y de Estados Unidos, Joseph R. Biden Jr., sostuvieron ayer una conversaci\u00f3n telef\u00f3nica en la que acordaron fortalecer y estrechar la colaboraci\u00f3n entre sus gobiernos, sobre la base del respeto mutuo y la esperanza compartida, en beneficio de ambos pueblos.<\/p>\n\n\n\n<p>Desde Monterrey, Nuevo Le\u00f3n, el presidente L\u00f3pez Obrador felicit\u00f3 a su hom\u00f3logo estadunidense por su reciente toma de protesta, al tiempo que le expres\u00f3 sus mejores deseos para su gesti\u00f3n, as\u00ed como la voluntad de su gobierno de trabajar conjuntamente en la amplia agenda bilateral.<\/p>\n\n\n\n<p>Durante la conversaci\u00f3n, que se desarroll\u00f3 en tono cordial, el mandatario mexicano celebr\u00f3 el reconocimiento a las aportaciones de la comunidad migrante mexicana en Estados Unidos y reiter\u00f3 la tesis de M\u00e9xico, seg\u00fan la cual la soluci\u00f3n de fondo al fen\u00f3meno de la migraci\u00f3n pasa por la promoci\u00f3n del desarrollo en las comunidades de origen.<\/p>\n\n\n\n<p>De hecho, el tema de la migraci\u00f3n fue uno de los rubros esenciales en la conversaci\u00f3n que sostuvieron L\u00f3pez Obrador y Biden, quienes adem\u00e1s dialogaron sobre otros temas prioritarios, como el combate a la pandemia y, por supuesto, la cooperaci\u00f3n bilateral.<\/p>\n\n\n\n<p>Los mandatarios acordaron que los equipos de ambos pa\u00edses trabajar\u00e1n en conjunto para avanzar en un planteamiento com\u00fan de desarrollo y bienestar.<\/p>\n\n\n\n<p>Los jefes de Estado conversaron sobre el desaf\u00edo que representa la pandemia de covid-19 y subrayaron que se requiere de una cooperaci\u00f3n efectiva entre las naciones para combatirla.<\/p>\n\n\n\n<p>En ese sentido, L\u00f3pez Obrador y Biden acordaron que sus gobiernos colaborar\u00e1n para hacer frente a diversos retos derivados de la situaci\u00f3n sanitaria global.<\/p>\n\n\n\n<p>Durante la realizaci\u00f3n de la llamada, el mandatario mexicano estuvo acompa\u00f1ado por el secretario de Relaciones Exteriores, Marcelo Ebrard Casaubon, as\u00ed como por el exjefe de la Oficina de la Presidencia de la Rep\u00fablica, Alfonso Romo Garza.<\/p>\n","protected":false},"excerpt":{"rendered":"<p>Redacci\u00f3n\/Zona Roja Cdmx. Ciudad de M\u00e9xico, 23 de enero de 2021.- Los presidentes de M\u00e9xico,&hellip;<\/p>\n","protected":false},"author":2,"featured_media":22738,"comment_status":"closed","ping_status":"open","sticky":false,"template":"","format":"standard","meta":{"_lmt_disableupdate":"","_lmt_disable":"","_jetpack_memberships_contains_paid_content":false,"footnotes":""},"categories":[109,46],"tags":[143],"class_list":["post-22737","post","type-post","status-publish","format-standard","has-post-thumbnail","hentry","category-minuto-a-minuto","category-zona-blanca","tag-andres-manuel-lopez-obrador"],"jetpack_featured_media_url":"https:\/\/zonaroja.com.mx\/wp-content\/uploads\/2021\/01\/Lopez-Obrador-y-Biden.jpg","jetpack_sharing_enabled":true,"_links":{"self":[{"href":"https:\/\/zonaroja.com.mx\/index.php?rest_route=\/wp\/v2\/posts\/22737","targetHints":{"allow":["GET"]}}],"collection":[{"href":"https:\/\/zonaroja.com.mx\/index.php?rest_route=\/wp\/v2\/posts"}],"about":[{"href":"https:\/\/zonaroja.com.mx\/index.php?rest_route=\/wp\/v2\/types\/post"}],"author":[{"embeddable":true,"href":"https:\/\/zonaroja.com.mx\/index.php?rest_route=\/wp\/v2\/users\/2"}],"replies":[{"embeddable":true,"href":"https:\/\/zonaroja.com.mx\/index.php?rest_route=%2Fwp%2Fv2%2Fcomments&post=22737"}],"version-history":[{"count":1,"href":"https:\/\/zonaroja.com.mx\/index.php?rest_route=\/wp\/v2\/posts\/22737\/revisions"}],"predecessor-version":[{"id":22739,"href":"https:\/\/zonaroja.com.mx\/index.php?rest_route=\/wp\/v2\/posts\/22737\/revisions\/22739"}],"wp:featuredmedia":[{"embeddable":true,"href":"https:\/\/zonaroja.com.mx\/index.php?rest_route=\/wp\/v2\/media\/22738"}],"wp:attachment":[{"href":"https:\/\/zonaroja.com.mx\/index.php?rest_route=%2Fwp%2Fv2%2Fmedia&parent=22737"}],"wp:term":[{"taxonomy":"category","embeddable":true,"href":"https:\/\/zonaroja.com.mx\/index.php?rest_route=%2Fwp%2Fv2%2Fcategories&post=22737"},{"taxonomy":"post_tag","embeddable":true,"href":"https:\/\/zonaroja.com.mx\/index.php?rest_route=%2Fwp%2Fv2%2Ftags&post=22737"}],"curies":[{"name":"wp","href":"https:\/\/api.w.org\/{rel}","templated":true}]}}