{"id":22742,"date":"2021-01-23T16:10:26","date_gmt":"2021-01-23T22:10:26","guid":{"rendered":"http:\/\/www.zonaroja.com.mx\/?p=22742"},"modified":"2021-01-23T16:10:30","modified_gmt":"2021-01-23T22:10:30","slug":"desacata-sector-empresarial-cierre-escalonado-que-anuncio-el-gobernador","status":"publish","type":"post","link":"https:\/\/zonaroja.com.mx\/?p=22742","title":{"rendered":"Desacata sector empresarial cierre escalonado que anunci\u00f3 el gobernador"},"content":{"rendered":"\n<p>Yuridiana Sosa\/Zona Roja.<\/p>\n\n\n\n<p>Oaxaca de Ju\u00e1rez, Oax., 23 de enero de 2021.- El comercio establecido, as\u00ed como restaurantes de la capital, contin\u00faan con sus actividades en horarios y medidas normales, a pesar del supuesto acuerdo con el Gobierno del Estado sobre un cierre escalonado o temporal.<\/p>\n\n\n\n<p>El mandatario Alejandro Murat anunci\u00f3 el domingo un cierre voluntario, de forma escalonada, para la actividad comercial en la regi\u00f3n de Valles Centrales, principalmente en la capital, donde se registra los niveles de contagios de Covid-19 m\u00e1s altos en el transcurso de la pandemia.<\/p>\n\n\n\n<p>A pesar de los altos n\u00fameros de casos y defunciones, el gobierno prioriz\u00f3 medidas que implican la participaci\u00f3n del sector empresarial para reducir la movilidad de la poblaci\u00f3n, antes que declarar a la entidad el sem\u00e1foro epidemiol\u00f3gico en color rojo.<\/p>\n\n\n\n<p>A seis d\u00edas del aviso, las actividades en el Centro Hist\u00f3rico se mantienen con regularidad, incluso, los restaurantes de los portales del z\u00f3calo han vuelto a recuperar los espacios de la banqueta que hab\u00edan sido liberados por medio de un movimiento por parte del pintor Markoa V\u00e1squez.<\/p>\n\n\n\n<p>Incluso, el restaurante \u201cBar Jard\u00edn\u201d volvi\u00f3 a cerrar el paso a la poblaci\u00f3n en la parte del portal donde se ubica e instala su mobiliario con el apoyo de estructuras de herrer\u00edas y justifica su acci\u00f3n con una lona donde anuncia contar con una resoluci\u00f3n a su favor.<\/p>\n\n\n\n<p>Hasta el momento, se desconoce sobre la reducci\u00f3n de horarios de forma particular por los comercios, as\u00ed como por medio de las c\u00e1maras empresariales que representan al sector laboral en la capital.<\/p>\n\n\n\n<p>EN LA CUENCA DICEN NO<\/p>\n\n\n\n<p>Por su parte, la C\u00e1mara Nacional de Comercio y la C\u00e1mara Nacional de la Industria de Restaurantes y Alimentos Condimentados (Canirac), en Tuxtepec, se\u00f1alaron que no se sumar\u00e1n a ese cierre bajo ninguna modalidad<\/p>\n\n\n\n<p>El presidente de la C\u00e1mara Nacional de Comercio y Servicios Tur\u00edsticos, Jorge Osorio, apunt\u00f3 que el sector comercial en Tuxtepec no cuenta con las condiciones econ\u00f3micas para bajar nuevamente cortinas, decisi\u00f3n con la que coincidi\u00f3 el representante de la Canirac, Nicol\u00e1s Malag\u00f3n.<\/p>\n\n\n\n<p>Actualmente las micro y peque\u00f1as empresas trabajan en n\u00fameros rojos, lo cual no permite que los establecimientos puedan reducir horarios o cerrar.<\/p>\n\n\n\n<p>Destacaron que reducir la movilidad de la poblaci\u00f3n no s\u00f3lo depende del cierre del comercio, por lo que el gobierno del estado a implementar en otras medidas efectivas.<\/p>\n","protected":false},"excerpt":{"rendered":"<p>Yuridiana Sosa\/Zona Roja. Oaxaca de Ju\u00e1rez, Oax., 23 de enero de 2021.- El comercio establecido,&hellip;<\/p>\n","protected":false},"author":2,"featured_media":22743,"comment_status":"closed","ping_status":"open","sticky":false,"template":"","format":"standard","meta":{"_lmt_disableupdate":"","_lmt_disable":"","_jetpack_memberships_contains_paid_content":false,"footnotes":""},"categories":[109,47],"tags":[1512],"class_list":["post-22742","post","type-post","status-publish","format-standard","has-post-thumbnail","hentry","category-minuto-a-minuto","category-zona-gris","tag-coronavirus-oaxaca"],"jetpack_featured_media_url":"https:\/\/zonaroja.com.mx\/wp-content\/uploads\/2021\/01\/Restaurantes-Oaxac.jpg","jetpack_sharing_enabled":true,"_links":{"self":[{"href":"https:\/\/zonaroja.com.mx\/index.php?rest_route=\/wp\/v2\/posts\/22742","targetHints":{"allow":["GET"]}}],"collection":[{"href":"https:\/\/zonaroja.com.mx\/index.php?rest_route=\/wp\/v2\/posts"}],"about":[{"href":"https:\/\/zonaroja.com.mx\/index.php?rest_route=\/wp\/v2\/types\/post"}],"author":[{"embeddable":true,"href":"https:\/\/zonaroja.com.mx\/index.php?rest_route=\/wp\/v2\/users\/2"}],"replies":[{"embeddable":true,"href":"https:\/\/zonaroja.com.mx\/index.php?rest_route=%2Fwp%2Fv2%2Fcomments&post=22742"}],"version-history":[{"count":1,"href":"https:\/\/zonaroja.com.mx\/index.php?rest_route=\/wp\/v2\/posts\/22742\/revisions"}],"predecessor-version":[{"id":22744,"href":"https:\/\/zonaroja.com.mx\/index.php?rest_route=\/wp\/v2\/posts\/22742\/revisions\/22744"}],"wp:featuredmedia":[{"embeddable":true,"href":"https:\/\/zonaroja.com.mx\/index.php?rest_route=\/wp\/v2\/media\/22743"}],"wp:attachment":[{"href":"https:\/\/zonaroja.com.mx\/index.php?rest_route=%2Fwp%2Fv2%2Fmedia&parent=22742"}],"wp:term":[{"taxonomy":"category","embeddable":true,"href":"https:\/\/zonaroja.com.mx\/index.php?rest_route=%2Fwp%2Fv2%2Fcategories&post=22742"},{"taxonomy":"post_tag","embeddable":true,"href":"https:\/\/zonaroja.com.mx\/index.php?rest_route=%2Fwp%2Fv2%2Ftags&post=22742"}],"curies":[{"name":"wp","href":"https:\/\/api.w.org\/{rel}","templated":true}]}}