{"id":2276,"date":"2019-07-15T14:45:48","date_gmt":"2019-07-15T19:45:48","guid":{"rendered":"http:\/\/www.zonaroja.com.mx\/?p=2276"},"modified":"2019-07-15T14:45:50","modified_gmt":"2019-07-15T19:45:50","slug":"a-una-semana-de-la-guelaguetza-la-capital-de-oaxaca-se-llena-de-protestas","status":"publish","type":"post","link":"https:\/\/zonaroja.com.mx\/?p=2276","title":{"rendered":"A una semana de la Guelaguetza, la capital de Oaxaca se llena de protestas"},"content":{"rendered":"\n<p>Redacci\u00f3n<\/p>\n\n\n\n<p>Oaxaca de\nJu\u00e1rez, Oax., 15 de julio de 2019.- A ocho d\u00edas del primer Lunes del Cerro de\nla Guelaguetza, la capital oaxaque\u00f1a se llen\u00f3 de protestas de organizaciones\nsociales.<\/p>\n\n\n\n<p>A primera\nhora de este lunes, personal docente, madres y padres de familia de la escuela\nprimaria \u201cPaul Percy Harris\u201d se manifestaron a las afueras del Instituto\nOaxaque\u00f1o Constructor de Infraestructura F\u00edsica Educativa (IOCIFED) para exigir\nla reanudaci\u00f3n de las obras al interior de la instituci\u00f3n educativa a fin de\nreparar de forma definitiva los da\u00f1os ocasionados por los sismos del 2017.<\/p>\n\n\n\n<p>De acuerdo\ncon Miguel \u00c1ngel P\u00e9rez P\u00e9rez, director del plantel ubicado en la agencia de Santa\nRosa Panzacola de la capital, los trabajos de construcci\u00f3n de un muro de\ncontenci\u00f3n y una barda se quedaron \u201ca medias\u201d debido a la falta de recursos,\nraz\u00f3n por la que acudieron a dialogar por \u00faltima ocasi\u00f3n con las autoridades\nestatales.<\/p>\n\n\n\n<p>En\nconferencia de prensa, refiri\u00f3 la existencia de una minuta firmada en octubre\ndel 2018 en la que la personal del IOCIFED se comprometi\u00f3 a concluir la obra;\nsin embargo, a 9 meses se mantiene suspendida y al parecer sin la intenci\u00f3n de\nreanudarla por lo que prev\u00e9n iniciar una serie de manifestaciones en el marco\nde las festividades de la Guelaguetza en la capital oaxaque\u00f1a. <\/p>\n\n\n\n<p>\u201cEl pasado\ns\u00e1bado los padres de familia tomaron la decisi\u00f3n de salir de nuevo a las calles\npara exigir la conclusi\u00f3n definitiva de la obra, ya que con las lluvias se ha\nocasionado un hundimiento donde ya exist\u00eda un avance en la construcci\u00f3n\u201d, dijo.<\/p>\n\n\n\n<p>Finalmente\nindico que se trata de 220 estudiantes y 18 integrantes de la plantilla docente\ny administrativa que estar\u00edan en riesgo debido a la falta de conclusi\u00f3n de la\nobra, por lo que insistieron en la serie de acciones de protesta que realizaran\nen el marco de las festividades de este mes de julio.<\/p>\n\n\n\n<p>TAMBI\u00c9N EL\nINAH<\/p>\n\n\n\n<p>Por su parte,\npersonal del Instituto Nacional de Antropolog\u00eda e Historia se moviliz\u00f3 este\nlunes para exigir atenci\u00f3n a sus demandas, dentro de las que se encuentran el\nmantenimiento del patrimonio cultural que se encuentra en el abandono en la\nentidad oaxaque\u00f1a. <\/p>\n\n\n\n<p>Omar\nBautista Garc\u00eda, representante sindical, asegur\u00f3 que los centros tur\u00edsticos no\nfueron afectados este d\u00eda, sin embargo la intenci\u00f3n es que el pr\u00f3ximo lunes 22\nde julio los sitios arqueol\u00f3gicos se mantengan cerrados en caso de que las\nautoridades mantengan la cerraz\u00f3n.<\/p>\n\n\n\n<p>A las manifestaciones se incluyeron militantes de Antorcha Campesina, quienes se apersonaron a las afueras del Palacio de Gobierno para denunciar desatenci\u00f3n del gobierno que encabeza Alejandro Murat a sus principales demandas que incluyen proyectos productivos y de infraestructura para comunidades ind\u00edgenas.<\/p>\n\n\n\n<figure class=\"wp-block-embed-twitter wp-block-embed is-type-rich is-provider-twitter\"><div class=\"wp-block-embed__wrapper\">\n<div class=\"twitter-tweet\"><blockquote class=\"twitter-tweet\" data-lang=\"es\"><p lang=\"es\" dir=\"ltr\"><a href=\"https:\/\/twitter.com\/hashtag\/OaxacaGris?src=hash&amp;ref_src=twsrc%5Etfw\">#OaxacaGris<\/a><br>En\u00e9sima protesta a una semana de las fiestas de la <a href=\"https:\/\/twitter.com\/hashtag\/Guelaguetza2019?src=hash&amp;ref_src=twsrc%5Etfw\">#Guelaguetza2019<\/a>, en la capital de <a href=\"https:\/\/twitter.com\/hashtag\/Oaxaca?src=hash&amp;ref_src=twsrc%5Etfw\">#Oaxaca<\/a>; ahora por parte de <a href=\"https:\/\/twitter.com\/AntorchaOficial?ref_src=twsrc%5Etfw\">@AntorchaOficial<\/a> en la entidad, que denuncia desatenci\u00f3n del <a href=\"https:\/\/twitter.com\/GobOax?ref_src=twsrc%5Etfw\">@GobOax<\/a> que encabeza <a href=\"https:\/\/twitter.com\/alejandromurat?ref_src=twsrc%5Etfw\">@alejandromurat<\/a>. <a href=\"https:\/\/t.co\/12mgNNVXNB\">pic.twitter.com\/12mgNNVXNB<\/a><\/p>&mdash; Zona Roja Oaxaca (@MexRoja) <a href=\"https:\/\/twitter.com\/MexRoja\/status\/1150797804639571968?ref_src=twsrc%5Etfw\">15 de julio de 2019<\/a><\/blockquote><\/div>\n<\/div><\/figure>\n\n\n\n<p>As\u00ed como\nintegrantes del Movimiento Social por la Tierra, quienes cerraron las oficinas\ndel Servicio de Administraci\u00f3n Tributaria, situaci\u00f3n que causo la indignaci\u00f3n\nde transe\u00fantes en la calle de Garc\u00eda Vigil al preguntar de que se trataba la\nmanifestaci\u00f3n y ning\u00fan participante pudo contestar el motivo de la misma. <\/p>\n\n\n\n<p>Mientras que\norganizaciones sociales, con el apoyo de la Secci\u00f3n 22 del Sindicato Nacional\nde Trabajadores de la Educaci\u00f3n (SNTE), anunciaron en conferencia de prensa movilizaciones\npara este martes, ante la nula respuesta del gobierno de Oaxaca a demandas de\nsindicatos independientes.<\/p>\n","protected":false},"excerpt":{"rendered":"<p>Redacci\u00f3n Oaxaca de Ju\u00e1rez, Oax., 15 de julio de 2019.- A ocho d\u00edas del primer&hellip;<\/p>\n","protected":false},"author":2,"featured_media":2277,"comment_status":"closed","ping_status":"open","sticky":false,"template":"","format":"standard","meta":{"_lmt_disableupdate":"","_lmt_disable":"","_jetpack_memberships_contains_paid_content":false,"footnotes":""},"categories":[109,51],"tags":[347],"class_list":["post-2276","post","type-post","status-publish","format-standard","has-post-thumbnail","hentry","category-minuto-a-minuto","category-zona-roja","tag-protestas-sociales-oaxaca"],"jetpack_featured_media_url":"https:\/\/zonaroja.com.mx\/wp-content\/uploads\/2019\/07\/b8955ce1-22a1-46a9-9f1f-a844fc9629ef.jpg","jetpack_sharing_enabled":true,"_links":{"self":[{"href":"https:\/\/zonaroja.com.mx\/index.php?rest_route=\/wp\/v2\/posts\/2276","targetHints":{"allow":["GET"]}}],"collection":[{"href":"https:\/\/zonaroja.com.mx\/index.php?rest_route=\/wp\/v2\/posts"}],"about":[{"href":"https:\/\/zonaroja.com.mx\/index.php?rest_route=\/wp\/v2\/types\/post"}],"author":[{"embeddable":true,"href":"https:\/\/zonaroja.com.mx\/index.php?rest_route=\/wp\/v2\/users\/2"}],"replies":[{"embeddable":true,"href":"https:\/\/zonaroja.com.mx\/index.php?rest_route=%2Fwp%2Fv2%2Fcomments&post=2276"}],"version-history":[{"count":1,"href":"https:\/\/zonaroja.com.mx\/index.php?rest_route=\/wp\/v2\/posts\/2276\/revisions"}],"predecessor-version":[{"id":2278,"href":"https:\/\/zonaroja.com.mx\/index.php?rest_route=\/wp\/v2\/posts\/2276\/revisions\/2278"}],"wp:featuredmedia":[{"embeddable":true,"href":"https:\/\/zonaroja.com.mx\/index.php?rest_route=\/wp\/v2\/media\/2277"}],"wp:attachment":[{"href":"https:\/\/zonaroja.com.mx\/index.php?rest_route=%2Fwp%2Fv2%2Fmedia&parent=2276"}],"wp:term":[{"taxonomy":"category","embeddable":true,"href":"https:\/\/zonaroja.com.mx\/index.php?rest_route=%2Fwp%2Fv2%2Fcategories&post=2276"},{"taxonomy":"post_tag","embeddable":true,"href":"https:\/\/zonaroja.com.mx\/index.php?rest_route=%2Fwp%2Fv2%2Ftags&post=2276"}],"curies":[{"name":"wp","href":"https:\/\/api.w.org\/{rel}","templated":true}]}}