{"id":22760,"date":"2021-01-24T07:52:01","date_gmt":"2021-01-24T13:52:01","guid":{"rendered":"http:\/\/www.zonaroja.com.mx\/?p=22760"},"modified":"2021-01-24T07:52:04","modified_gmt":"2021-01-24T13:52:04","slug":"otra-pifia-de-la-fiscalia-se-le-escapa-reo-a-elemento-de-aei-en-huajuapan","status":"publish","type":"post","link":"https:\/\/zonaroja.com.mx\/?p=22760","title":{"rendered":"Otra pifia de la Fiscal\u00eda: se le escapa reo a elemento de AEI en Huajuapan"},"content":{"rendered":"\n<p>Redacci\u00f3n\/Zona Roja.<\/p>\n\n\n\n<p>Oaxaca de Ju\u00e1rez, Oax., 24 de enero de 2021.- Un supuesto descuido de un elemento de la Agencia Estatal de Investigaciones (AEI), dependiente de la Fiscal\u00eda General del Estado de Oaxaca, origin\u00f3 la fuga de una persona detenida en los separos del Centro de Justicia de Huajuapan de Le\u00f3n.<\/p>\n\n\n\n<p>Los hechos sucedieron la madrugada del viernes, por lo cual el elemento de investigaci\u00f3n, identificado \u00fanicamente como \u201cLa Chilindrina\u201d, fue puesto a disposici\u00f3n del Ministerio P\u00fablico de la Vicefiscal\u00eda Regional de la Mixteca, por su probable responsabilidad.<\/p>\n\n\n\n<p>Al presunto delincuente que se fug\u00f3 se le conoce \u00fanicamente con el alias de \u201cEl Popeye\u201d, quien fue detenido el pasado 15 de enero con armas y drogas y acusado de haber participado en el asalto a un comercio denominado \u201cS\u00faper Plus\u201d, en la calle Venustiano Carranza.<\/p>\n\n\n\n<p>Supuestamente la fuga del presunto delincuente fue a consecuencia de la mala infraestructura donde se ubican los separos, aunado al descuido de elementos de la AEI, lo cual ya es investigado.<\/p>\n","protected":false},"excerpt":{"rendered":"<p>Redacci\u00f3n\/Zona Roja. Oaxaca de Ju\u00e1rez, Oax., 24 de enero de 2021.- Un supuesto descuido de&hellip;<\/p>\n","protected":false},"author":2,"featured_media":22761,"comment_status":"closed","ping_status":"open","sticky":false,"template":"","format":"standard","meta":{"_lmt_disableupdate":"","_lmt_disable":"","_jetpack_memberships_contains_paid_content":false,"footnotes":""},"categories":[109,47],"tags":[494],"class_list":["post-22760","post","type-post","status-publish","format-standard","has-post-thumbnail","hentry","category-minuto-a-minuto","category-zona-gris","tag-fiscalia-general-del-estado-de-oaxaca"],"jetpack_featured_media_url":"https:\/\/zonaroja.com.mx\/wp-content\/uploads\/2021\/01\/Centro-de-Justicia-Mixteca.jpg","jetpack_sharing_enabled":true,"_links":{"self":[{"href":"https:\/\/zonaroja.com.mx\/index.php?rest_route=\/wp\/v2\/posts\/22760","targetHints":{"allow":["GET"]}}],"collection":[{"href":"https:\/\/zonaroja.com.mx\/index.php?rest_route=\/wp\/v2\/posts"}],"about":[{"href":"https:\/\/zonaroja.com.mx\/index.php?rest_route=\/wp\/v2\/types\/post"}],"author":[{"embeddable":true,"href":"https:\/\/zonaroja.com.mx\/index.php?rest_route=\/wp\/v2\/users\/2"}],"replies":[{"embeddable":true,"href":"https:\/\/zonaroja.com.mx\/index.php?rest_route=%2Fwp%2Fv2%2Fcomments&post=22760"}],"version-history":[{"count":1,"href":"https:\/\/zonaroja.com.mx\/index.php?rest_route=\/wp\/v2\/posts\/22760\/revisions"}],"predecessor-version":[{"id":22762,"href":"https:\/\/zonaroja.com.mx\/index.php?rest_route=\/wp\/v2\/posts\/22760\/revisions\/22762"}],"wp:featuredmedia":[{"embeddable":true,"href":"https:\/\/zonaroja.com.mx\/index.php?rest_route=\/wp\/v2\/media\/22761"}],"wp:attachment":[{"href":"https:\/\/zonaroja.com.mx\/index.php?rest_route=%2Fwp%2Fv2%2Fmedia&parent=22760"}],"wp:term":[{"taxonomy":"category","embeddable":true,"href":"https:\/\/zonaroja.com.mx\/index.php?rest_route=%2Fwp%2Fv2%2Fcategories&post=22760"},{"taxonomy":"post_tag","embeddable":true,"href":"https:\/\/zonaroja.com.mx\/index.php?rest_route=%2Fwp%2Fv2%2Ftags&post=22760"}],"curies":[{"name":"wp","href":"https:\/\/api.w.org\/{rel}","templated":true}]}}