{"id":22772,"date":"2021-01-24T12:58:48","date_gmt":"2021-01-24T18:58:48","guid":{"rendered":"http:\/\/www.zonaroja.com.mx\/?p=22772"},"modified":"2021-01-24T12:58:50","modified_gmt":"2021-01-24T18:58:50","slug":"grave-atentado-a-patrimonio-cultural-en-oaxaca-e-inah-apenas-prepara-denuncia","status":"publish","type":"post","link":"https:\/\/zonaroja.com.mx\/?p=22772","title":{"rendered":"Grave atentado a patrimonio cultural en Oaxaca e INAH apenas prepara denuncia"},"content":{"rendered":"\n<p>Redacci\u00f3n\/Zona Roja.<\/p>\n\n\n\n<p>Oaxaca de Ju\u00e1rez, Oax., 24 de enero de 2021.- A m\u00e1s de un mes del vandalismo en pinturas rupestres prehist\u00f3ricas y catalogadas por la UNESCO como Patrimonio de la Humanidad, el Instituto Nacional de Antropolog\u00eda e Historia apenas prepara la denuncia en contra de los probables responsables.<\/p>\n\n\n\n<p>Los da\u00f1os fueron causados en diciembre pasado en la denominada \u201cCueva de la Pintada\u201d o \u201cBilie Nadii\u201d, en el municipio de San Pablo Villa de Mitla.<\/p>\n\n\n\n<p>Seg\u00fan especialistas del INAH, realizaron ya una valoraci\u00f3n de las afectaciones para proponer el proyecto de restauraci\u00f3n de las pinturas, a trav\u00e9s de la Coordinaci\u00f3n Nacional de Conservaci\u00f3n del Patrimonio Cultural de esa instancia. \u201cAl mismo tiempo, han mantenido diversas reuniones con los representantes del Comisariado de Bienes Comunales del lugar, toda vez que la cueva se encuentra bajo resguardo directo de la representaci\u00f3n comunal\u201d, inform\u00f3 el gobierno de Oaxaca en un comunicado.<\/p>\n\n\n\n<p>El dictame de los especialistas del INAH se\u00f1ala que los da\u00f1os causados en las pinturas rupestres de la cueva consisten en rayones hechos probablemente con una piedra del mismo lugar.<\/p>\n\n\n\n<p>El ray\u00f3n es una l\u00ednea continua por lo que pocos elementos escaparon a \u00e9l. \u201cEn ese sentido, el INAH presentar\u00e1 un dictamen pericial, y la denuncia ante la Fiscal\u00eda General de la Rep\u00fablica para que se investigue al probable o probables responsables de los hechos vand\u00e1licos\u201d\u2026<\/p>\n\n\n\n<p>\u201cEl arte rupestre es el registro iconogr\u00e1fico m\u00e1s antiguo de la expresi\u00f3n humana, y alrededor del mundo se encuentra con frecuencia a la entrada de cuevas poco profundas y paredes rocosas de dif\u00edcil acceso\u201d, detall\u00f3 en el bolet\u00edn.<\/p>\n","protected":false},"excerpt":{"rendered":"<p>Redacci\u00f3n\/Zona Roja. Oaxaca de Ju\u00e1rez, Oax., 24 de enero de 2021.- A m\u00e1s de un&hellip;<\/p>\n","protected":false},"author":2,"featured_media":22773,"comment_status":"closed","ping_status":"open","sticky":false,"template":"","format":"standard","meta":{"_lmt_disableupdate":"","_lmt_disable":"","_jetpack_memberships_contains_paid_content":false,"footnotes":""},"categories":[109,47],"tags":[2396],"class_list":["post-22772","post","type-post","status-publish","format-standard","has-post-thumbnail","hentry","category-minuto-a-minuto","category-zona-gris","tag-cuevas-prehistoricas-de-mitla"],"jetpack_featured_media_url":"https:\/\/zonaroja.com.mx\/wp-content\/uploads\/2021\/01\/Pintura-rupestre-Oaxaca.jpg","jetpack_sharing_enabled":true,"_links":{"self":[{"href":"https:\/\/zonaroja.com.mx\/index.php?rest_route=\/wp\/v2\/posts\/22772","targetHints":{"allow":["GET"]}}],"collection":[{"href":"https:\/\/zonaroja.com.mx\/index.php?rest_route=\/wp\/v2\/posts"}],"about":[{"href":"https:\/\/zonaroja.com.mx\/index.php?rest_route=\/wp\/v2\/types\/post"}],"author":[{"embeddable":true,"href":"https:\/\/zonaroja.com.mx\/index.php?rest_route=\/wp\/v2\/users\/2"}],"replies":[{"embeddable":true,"href":"https:\/\/zonaroja.com.mx\/index.php?rest_route=%2Fwp%2Fv2%2Fcomments&post=22772"}],"version-history":[{"count":1,"href":"https:\/\/zonaroja.com.mx\/index.php?rest_route=\/wp\/v2\/posts\/22772\/revisions"}],"predecessor-version":[{"id":22774,"href":"https:\/\/zonaroja.com.mx\/index.php?rest_route=\/wp\/v2\/posts\/22772\/revisions\/22774"}],"wp:featuredmedia":[{"embeddable":true,"href":"https:\/\/zonaroja.com.mx\/index.php?rest_route=\/wp\/v2\/media\/22773"}],"wp:attachment":[{"href":"https:\/\/zonaroja.com.mx\/index.php?rest_route=%2Fwp%2Fv2%2Fmedia&parent=22772"}],"wp:term":[{"taxonomy":"category","embeddable":true,"href":"https:\/\/zonaroja.com.mx\/index.php?rest_route=%2Fwp%2Fv2%2Fcategories&post=22772"},{"taxonomy":"post_tag","embeddable":true,"href":"https:\/\/zonaroja.com.mx\/index.php?rest_route=%2Fwp%2Fv2%2Ftags&post=22772"}],"curies":[{"name":"wp","href":"https:\/\/api.w.org\/{rel}","templated":true}]}}