{"id":22777,"date":"2021-01-24T15:26:33","date_gmt":"2021-01-24T21:26:33","guid":{"rendered":"http:\/\/www.zonaroja.com.mx\/?p=22777"},"modified":"2021-01-24T15:26:37","modified_gmt":"2021-01-24T21:26:37","slug":"en-cuatro-anos-murat-esta-a-punto-de-alcanzar-cifra-de-femicidios-de-sexenio-de-cue","status":"publish","type":"post","link":"https:\/\/zonaroja.com.mx\/?p=22777","title":{"rendered":"En cuatro a\u00f1os, Murat est\u00e1 a punto de alcanzar cifra de femicidios de sexenio de Cu\u00e9"},"content":{"rendered":"\n<p>Yuridiana Sosa\/Zona Roja.<\/p>\n\n\n\n<p>Oaxaca de Ju\u00e1rez, Oax., 24 de enero de 2021.- Sin control ante la impunidad en cientos de casos, los feminicidios en Oaxaca contin\u00faan en ascenso.<\/p>\n\n\n\n<p>Y en cuatro a\u00f1os de mandato, el gobernador Alejandro Murat Hinojosa ha rebasado el n\u00famero de asesinatos de mujeres registrados en los sexenios de Jos\u00e9 Murat y Ulises Ruiz, y est\u00e1 a punto de alcanzar la cifra del gobierno de Gabino Cu\u00e9 Monteagudo<\/p>\n\n\n\n<p>Tan s\u00f3lo en el transcurso de los \u00faltimos cinco d\u00edas se han cometido tres cr\u00edmenes contra mujeres, con lo que suman ocho en los primeros 22 d\u00edas del a\u00f1o.<\/p>\n\n\n\n<p>Con los casos m\u00e1s recientes, Oaxaca acumula 503 feminicidios en el sexenio actual de Alejandro Murat Hinojosa, de acuerdo al reporte emitido por el Grupo de estudios sobre la mujer \u201cRosario Castellanos\u201d (GESMujer), tras los dos hechos m\u00e1s recientes registrados en 24 horas.<\/p>\n\n\n\n<p>Los casos ocurrieron en el municipio de Santiago Pinotepa Nacional, en la regi\u00f3n de la Costa, donde la mujer fue asesinada con arma de fuego dentro de un establecimiento.<\/p>\n\n\n\n<p>La v\u00edctima fue identificada como Agustina B. M. L., de 48 a\u00f1os de edad, quien perdi\u00f3 la vida tras ser atacada a balazos.<\/p>\n\n\n\n<p>Mientras que, en el Istmo, en el municipio de Juchit\u00e1n de Zaragoza, Rosalba, de 45 a\u00f1os de edad, fue ultimada al interior de su domicilio, tambi\u00e9n con dispar\u00f3 su arma de fuego. Este d\u00eda, organismos de la sociedad civil reclamaron impunidad en \u00e9ste y m\u00faltiples feminicidios.<\/p>\n\n\n\n<p>Con el caso m\u00e1s reciente, la regi\u00f3n de la Costa se coloca como la zona con mayor incidencia en enero, con tres casos, seguido de Valles Centrales con dos hechos, as\u00ed como se suman con un caso las regiones de la Cuenca del Papaloapan, Ca\u00f1ada e Istmo.<\/p>\n\n\n\n<p>La cifra actual es similar al total de casos acumulados en enero durante el a\u00f1o 2017, el cual cerr\u00f3 con 117 feminicidios; el 2018, con 123; 2019, 135 y 2020, 111, mientras que en diciembre del 2016 \u2013 a la llegada de Murat Hinojosa- nueve casos.<\/p>\n\n\n\n<p>De los 503 feminicidios, 288 se han cometido a partir de la declaratoria de Alerta de G\u00e9nero en 2018, es decir, un 57.2 por ciento de los casos.<\/p>\n\n\n\n<p>El gobierno estatal actual ya super\u00f3 la cifra de feminicidios de los gobernadores Jos\u00e9 Murat Casab, con 429; Ulises Ruiz Ortiz, 283 y 24 casos lo separan de llegar a la cifra con la que cerr\u00f3 Gabino Cu\u00e9, 527.<\/p>\n","protected":false},"excerpt":{"rendered":"<p>Yuridiana Sosa\/Zona Roja. Oaxaca de Ju\u00e1rez, Oax., 24 de enero de 2021.- Sin control ante&hellip;<\/p>\n","protected":false},"author":2,"featured_media":22778,"comment_status":"closed","ping_status":"open","sticky":false,"template":"","format":"standard","meta":{"_lmt_disableupdate":"","_lmt_disable":"","_jetpack_memberships_contains_paid_content":false,"footnotes":""},"categories":[109,47],"tags":[610],"class_list":["post-22777","post","type-post","status-publish","format-standard","has-post-thumbnail","hentry","category-minuto-a-minuto","category-zona-gris","tag-feminicidios-oaxaca"],"jetpack_featured_media_url":"https:\/\/zonaroja.com.mx\/wp-content\/uploads\/2021\/01\/Feminicidio-Juchitan.png","jetpack_sharing_enabled":true,"_links":{"self":[{"href":"https:\/\/zonaroja.com.mx\/index.php?rest_route=\/wp\/v2\/posts\/22777","targetHints":{"allow":["GET"]}}],"collection":[{"href":"https:\/\/zonaroja.com.mx\/index.php?rest_route=\/wp\/v2\/posts"}],"about":[{"href":"https:\/\/zonaroja.com.mx\/index.php?rest_route=\/wp\/v2\/types\/post"}],"author":[{"embeddable":true,"href":"https:\/\/zonaroja.com.mx\/index.php?rest_route=\/wp\/v2\/users\/2"}],"replies":[{"embeddable":true,"href":"https:\/\/zonaroja.com.mx\/index.php?rest_route=%2Fwp%2Fv2%2Fcomments&post=22777"}],"version-history":[{"count":1,"href":"https:\/\/zonaroja.com.mx\/index.php?rest_route=\/wp\/v2\/posts\/22777\/revisions"}],"predecessor-version":[{"id":22779,"href":"https:\/\/zonaroja.com.mx\/index.php?rest_route=\/wp\/v2\/posts\/22777\/revisions\/22779"}],"wp:featuredmedia":[{"embeddable":true,"href":"https:\/\/zonaroja.com.mx\/index.php?rest_route=\/wp\/v2\/media\/22778"}],"wp:attachment":[{"href":"https:\/\/zonaroja.com.mx\/index.php?rest_route=%2Fwp%2Fv2%2Fmedia&parent=22777"}],"wp:term":[{"taxonomy":"category","embeddable":true,"href":"https:\/\/zonaroja.com.mx\/index.php?rest_route=%2Fwp%2Fv2%2Fcategories&post=22777"},{"taxonomy":"post_tag","embeddable":true,"href":"https:\/\/zonaroja.com.mx\/index.php?rest_route=%2Fwp%2Fv2%2Ftags&post=22777"}],"curies":[{"name":"wp","href":"https:\/\/api.w.org\/{rel}","templated":true}]}}