{"id":22780,"date":"2021-01-24T18:58:33","date_gmt":"2021-01-25T00:58:33","guid":{"rendered":"http:\/\/www.zonaroja.com.mx\/?p=22780"},"modified":"2021-01-24T18:58:36","modified_gmt":"2021-01-25T00:58:36","slug":"muere-individuo-en-carcel-de-mazatlan-villa-de-flores-ddhpo-pide-intervencion-de-fiscalia","status":"publish","type":"post","link":"https:\/\/zonaroja.com.mx\/?p=22780","title":{"rendered":"Muere individuo en c\u00e1rcel de Mazatl\u00e1n Villa de Flores; DDHPO pide intervenci\u00f3n de Fiscal\u00eda"},"content":{"rendered":"\n<p>Redacci\u00f3n\/Zona Roja.<\/p>\n\n\n\n<p>Oaxaca de Ju\u00e1rez, Oax., 24 de enero de 2021.- Una persona del sexo masculino muri\u00f3 por presunta negligencia de la autoridad municipal, en la c\u00e1rcel local de Mazatl\u00e1n Villa de Flores, municipio de la regi\u00f3n Ca\u00f1ada de Oaxaca.<\/p>\n\n\n\n<p>Los hechos ocurrieron el pasado viernes 22 de enero y por lo cual, la Defensor\u00eda de los Derechos Humanos del Pueblo de Oaxaca (DDHPO) inici\u00f3 una investigaci\u00f3n por la muerte de David A.V.<\/p>\n\n\n\n<p>Para ello abri\u00f3 el expediente DHPO\/003\/RSM\/(22)\/OAX\/2021, al tener conocimiento a trav\u00e9s de medios de comunicaci\u00f3n que, luego de la detenci\u00f3n de la persona antes mencionada por parte de elementos policiales y estando bajo su resguardo, el joven perdi\u00f3 la vida y fue encontrado colgado al interior de la celda.<\/p>\n\n\n\n<p>\u201cPara el \u00f3rgano aut\u00f3nomo, toda persona privada de la libertad tiene derecho a vivir condiciones de detenci\u00f3n compatibles con su dignidad personal y, las autoridades responsables de ello deben garantizarles el derecho a la vida y a la integridad personal\u201d, indic\u00f3 en un comunicado.<\/p>\n\n\n\n<p>Y ante las acusaciones vertidas por familiares de la v\u00edctima, quienes se\u00f1alaron a elementos de seguridad del municipio de Mazatl\u00e1n Villa de Flores como responsables del deceso, la DDHPO solicit\u00f3 la intervenci\u00f3n inmediata a la Fiscal\u00eda General de Justicia del Estado, adem\u00e1s de requerir la entrega de los resultados de la necropsia de ley efectuada.<\/p>\n\n\n\n<p>La Defensor\u00eda de los Derechos Humanos del Pueblo de Oaxaca, refiri\u00f3 que, hasta octubre de 2020, se documentaron tres casos de personas que perecieron al interior de centros de detenci\u00f3n municipales, o bien, durante su detenci\u00f3n, mientras que en 2019 se registr\u00f3 un caso.<\/p>\n\n\n\n<p>En su comunicado, sostuvo que, entre enero de 2020 y mediados de octubre de ese mismo a\u00f1o, se registraron 212 quejas relacionadas con abuso policial municipal, de las cuales 60 est\u00e1n en relaci\u00f3n con falta o deficiencia en la fundamentaci\u00f3n o motivaci\u00f3n de los actos de autoridad.<\/p>\n\n\n\n<p>La Defensor\u00eda se pronunci\u00f3 por una investigaci\u00f3n diligente y eficaz que permita esclarecer las circunstancias en las que ocurrieron los hechos y el castigo efectivo a los responsables, la reparaci\u00f3n de los derechos de las v\u00edctimas y la identificaci\u00f3n de aquellas medidas necesarias para prevenir la repetici\u00f3n de hechos similares.<\/p>\n","protected":false},"excerpt":{"rendered":"<p>Redacci\u00f3n\/Zona Roja. Oaxaca de Ju\u00e1rez, Oax., 24 de enero de 2021.- Una persona del sexo&hellip;<\/p>\n","protected":false},"author":2,"featured_media":22782,"comment_status":"closed","ping_status":"open","sticky":false,"template":"","format":"standard","meta":{"_lmt_disableupdate":"","_lmt_disable":"","_jetpack_memberships_contains_paid_content":false,"footnotes":""},"categories":[109,47],"tags":[1486],"class_list":["post-22780","post","type-post","status-publish","format-standard","has-post-thumbnail","hentry","category-minuto-a-minuto","category-zona-gris","tag-mazatlan-villa-de-flores"],"jetpack_featured_media_url":"https:\/\/zonaroja.com.mx\/wp-content\/uploads\/2021\/01\/Mazatlan-Villa-de-Flores-1.jpg","jetpack_sharing_enabled":true,"_links":{"self":[{"href":"https:\/\/zonaroja.com.mx\/index.php?rest_route=\/wp\/v2\/posts\/22780","targetHints":{"allow":["GET"]}}],"collection":[{"href":"https:\/\/zonaroja.com.mx\/index.php?rest_route=\/wp\/v2\/posts"}],"about":[{"href":"https:\/\/zonaroja.com.mx\/index.php?rest_route=\/wp\/v2\/types\/post"}],"author":[{"embeddable":true,"href":"https:\/\/zonaroja.com.mx\/index.php?rest_route=\/wp\/v2\/users\/2"}],"replies":[{"embeddable":true,"href":"https:\/\/zonaroja.com.mx\/index.php?rest_route=%2Fwp%2Fv2%2Fcomments&post=22780"}],"version-history":[{"count":1,"href":"https:\/\/zonaroja.com.mx\/index.php?rest_route=\/wp\/v2\/posts\/22780\/revisions"}],"predecessor-version":[{"id":22783,"href":"https:\/\/zonaroja.com.mx\/index.php?rest_route=\/wp\/v2\/posts\/22780\/revisions\/22783"}],"wp:featuredmedia":[{"embeddable":true,"href":"https:\/\/zonaroja.com.mx\/index.php?rest_route=\/wp\/v2\/media\/22782"}],"wp:attachment":[{"href":"https:\/\/zonaroja.com.mx\/index.php?rest_route=%2Fwp%2Fv2%2Fmedia&parent=22780"}],"wp:term":[{"taxonomy":"category","embeddable":true,"href":"https:\/\/zonaroja.com.mx\/index.php?rest_route=%2Fwp%2Fv2%2Fcategories&post=22780"},{"taxonomy":"post_tag","embeddable":true,"href":"https:\/\/zonaroja.com.mx\/index.php?rest_route=%2Fwp%2Fv2%2Ftags&post=22780"}],"curies":[{"name":"wp","href":"https:\/\/api.w.org\/{rel}","templated":true}]}}