{"id":22784,"date":"2021-01-24T19:56:42","date_gmt":"2021-01-25T01:56:42","guid":{"rendered":"http:\/\/www.zonaroja.com.mx\/?p=22784"},"modified":"2021-01-24T19:56:46","modified_gmt":"2021-01-25T01:56:46","slug":"asegura-fuerza-por-mexico-que-esta-comprometido-con-participacion-de-mujeres","status":"publish","type":"post","link":"https:\/\/zonaroja.com.mx\/?p=22784","title":{"rendered":"Asegura Fuerza por M\u00e9xico que est\u00e1 comprometido con participaci\u00f3n de mujeres"},"content":{"rendered":"\n<p>Redacci\u00f3n\/Zona Roja.<\/p>\n\n\n\n<p>Oaxaca de Ju\u00e1rez, Oax., 24 de enero de 2021.- \u201cLa participaci\u00f3n pol\u00edtica y democr\u00e1tica de las mujeres ya es una realidad en Oaxaca\u201d, afirm\u00f3 Salom\u00e9 Mart\u00ednez, presidenta del Comit\u00e9 Directivo Estatal del partido Fuerza por M\u00e9xico, al reiterar su compromiso con este sector.<\/p>\n\n\n\n<p>A\u00f1adi\u00f3 que cumplir con los objetivos y planes dise\u00f1ados por el partido en Oaxaca, es una responsabilidad y compromiso que debe garantizar Karla Jim\u00e9nez Carrasco, secretaria de las Mujeres, quien trabaja d\u00eda con d\u00eda para hacer valer los derechos pol\u00edticos de todas y cada una de las mujeres que se suman al movimiento rosa.<\/p>\n\n\n\n<p>\u201cLas mujeres vamos avanzando a pasos firmes y seguiremos trabajando para que se respete y nos den nuestro lugar, en la casa, en lo pol\u00edtico, en las empresas, en cualquier rubro\u201d, se\u00f1al\u00f3 Jim\u00e9nez Carrasco, al reconocer que hay oaxaque\u00f1as muy preparadas que desean trabajar por sus municipios y por el estado.<\/p>\n\n\n\n<p>Por ello, dijo, esta nueva fuerza pol\u00edtica en Oaxaca est\u00e1 encabezada por mujeres trabajadoras y comprometidas con el bienestar, mujeres aguerridas que se han abierto las puertas luchando por sus derechos, dispuestas a visibilizar a todas aquellas que quieran sumarse al progreso de la entidad, pero que desafortunadamente han sido violentadas, opacadas o ignoradas en otros espacios pol\u00edticos.<\/p>\n\n\n\n<p>\u201cEstoy convencida que si hay mujeres en la pol\u00edtica, la pol\u00edtica va a ser mejor; es un hecho que donde hay gobernantes mujeres hay m\u00e1s avances y m\u00e1s transparencia en todos los temas\u201d, destac\u00f3 Karla Jim\u00e9nez.<\/p>\n\n\n\n<p>La secretaria estatal de las Mujeres en Fuerza por M\u00e9xico, se\u00f1al\u00f3 que el compromiso de Salom\u00e9 Mart\u00ednez ha sido desde el inicio no s\u00f3lo alcanzar la paridad de g\u00e9nero, sino abrir m\u00e1s espacios para las oaxaque\u00f1as.<\/p>\n\n\n\n<p>\u201cEsperamos tener una gran participaci\u00f3n de mujeres en las candidaturas de los 25 distritos locales y los 10 federales, as\u00ed como en los 153 municipios que se rigen bajo el sistema de partidos pol\u00edticos en Oaxaca\u201d, explic\u00f3.<\/p>\n\n\n\n<p>Agreg\u00f3 que esta nueva fuerza pol\u00edtica en Oaxaca es la de las oportunidades, es la que busca visibilizar el trabajo pol\u00edtico y social de las mujeres, de una manera segura y libre de toda violencia.<\/p>\n\n\n\n<p>\u201cPorque solas podemos salir adelante, pero juntas lograremos un mejor Oaxaca, un mejor pa\u00eds para asegurar un mayor bienestar a nuestros hijos e hijas, a nuestros j\u00f3venes, a nuestras familias, a nuestras personas de la tercera edad, a nuestras personas con discapacidad y de la comunidad LGTTBIQ+, as\u00ed como a las futuras generaciones\u201d, finaliz\u00f3.<\/p>\n","protected":false},"excerpt":{"rendered":"<p>Redacci\u00f3n\/Zona Roja. Oaxaca de Ju\u00e1rez, Oax., 24 de enero de 2021.- \u201cLa participaci\u00f3n pol\u00edtica y&hellip;<\/p>\n","protected":false},"author":2,"featured_media":22785,"comment_status":"closed","ping_status":"open","sticky":false,"template":"","format":"standard","meta":{"_lmt_disableupdate":"","_lmt_disable":"","_jetpack_memberships_contains_paid_content":false,"footnotes":""},"categories":[109,46],"tags":[2368,2369],"class_list":["post-22784","post","type-post","status-publish","format-standard","has-post-thumbnail","hentry","category-minuto-a-minuto","category-zona-blanca","tag-fuerza-por-mexico","tag-salome-martinez-salazar"],"jetpack_featured_media_url":"https:\/\/zonaroja.com.mx\/wp-content\/uploads\/2021\/01\/MUJERES-FXM.jpeg","jetpack_sharing_enabled":true,"_links":{"self":[{"href":"https:\/\/zonaroja.com.mx\/index.php?rest_route=\/wp\/v2\/posts\/22784","targetHints":{"allow":["GET"]}}],"collection":[{"href":"https:\/\/zonaroja.com.mx\/index.php?rest_route=\/wp\/v2\/posts"}],"about":[{"href":"https:\/\/zonaroja.com.mx\/index.php?rest_route=\/wp\/v2\/types\/post"}],"author":[{"embeddable":true,"href":"https:\/\/zonaroja.com.mx\/index.php?rest_route=\/wp\/v2\/users\/2"}],"replies":[{"embeddable":true,"href":"https:\/\/zonaroja.com.mx\/index.php?rest_route=%2Fwp%2Fv2%2Fcomments&post=22784"}],"version-history":[{"count":1,"href":"https:\/\/zonaroja.com.mx\/index.php?rest_route=\/wp\/v2\/posts\/22784\/revisions"}],"predecessor-version":[{"id":22786,"href":"https:\/\/zonaroja.com.mx\/index.php?rest_route=\/wp\/v2\/posts\/22784\/revisions\/22786"}],"wp:featuredmedia":[{"embeddable":true,"href":"https:\/\/zonaroja.com.mx\/index.php?rest_route=\/wp\/v2\/media\/22785"}],"wp:attachment":[{"href":"https:\/\/zonaroja.com.mx\/index.php?rest_route=%2Fwp%2Fv2%2Fmedia&parent=22784"}],"wp:term":[{"taxonomy":"category","embeddable":true,"href":"https:\/\/zonaroja.com.mx\/index.php?rest_route=%2Fwp%2Fv2%2Fcategories&post=22784"},{"taxonomy":"post_tag","embeddable":true,"href":"https:\/\/zonaroja.com.mx\/index.php?rest_route=%2Fwp%2Fv2%2Ftags&post=22784"}],"curies":[{"name":"wp","href":"https:\/\/api.w.org\/{rel}","templated":true}]}}