{"id":22787,"date":"2021-01-24T20:48:36","date_gmt":"2021-01-25T02:48:36","guid":{"rendered":"http:\/\/www.zonaroja.com.mx\/?p=22787"},"modified":"2021-01-24T20:48:41","modified_gmt":"2021-01-25T02:48:41","slug":"registro-oaxaca-seis-ejecuciones-extrajudiciales-en-2020-uno-de-ellos-de-tomas-martinez","status":"publish","type":"post","link":"https:\/\/zonaroja.com.mx\/?p=22787","title":{"rendered":"Registr\u00f3 Oaxaca seis ejecuciones extrajudiciales en 2020, uno de ellos de Tom\u00e1s Mart\u00ednez"},"content":{"rendered":"\n<p>Redacci\u00f3n\/Zona Roja.<\/p>\n\n\n\n<p>Oaxaca de Ju\u00e1rez, Oax., 24 de enero de 2021.- El Comit\u00e9 Cerezo document\u00f3 14 ejecuciones extrajudiciales en el pa\u00eds el a\u00f1o pasado, siendo Oaxaca el que encabeza la lista con seis casos, y uno de ellos el de Tom\u00e1s Mart\u00ednez Pinacho.<\/p>\n\n\n\n<p>As\u00ed lo inform\u00f3 el Frente Popular Revolucionario (FPR), al lamentar que al cumplirse cinco meses del asesinato de su representante regional, la Fscal\u00eda General del Estado no ha dado resultados efectivos.<\/p>\n\n\n\n<p>\u201cHan pasado 5 meses de su cobarde asesinato y las instancias de impartici\u00f3n de justicia brillan por su ausencia, la pandemia les ha ca\u00eddo como anillo al dedo para dilatar la justicia pues no se han profundizado las investigaciones para dar castigar a los autores intelectuales de su eliminaci\u00f3n f\u00edsica\u201d, expuso en un comunicado.<\/p>\n\n\n\n<figure class=\"wp-block-embed-twitter wp-block-embed is-type-rich is-provider-twitter\"><div class=\"wp-block-embed__wrapper\">\n<div class=\"twitter-tweet\"><blockquote class=\"twitter-tweet\" data-lang=\"es\"><p lang=\"es\" dir=\"ltr\">Al cumplirse cinco meses del asesinato de Tom\u00e1s Mart\u00ednez Pinacho, el <a href=\"https:\/\/twitter.com\/FPR_OAXACA?ref_src=twsrc%5Etfw\">@FPR_OAXACA<\/a> acus\u00f3 hoy negligencia y lentitud de la <a href=\"https:\/\/twitter.com\/FISCALIA_GobOax?ref_src=twsrc%5Etfw\">@FISCALIA_GobOax<\/a> para dar con los responsables materiales e intelectuales del crimen. <a href=\"https:\/\/t.co\/6emiVnhuvT\">pic.twitter.com\/6emiVnhuvT<\/a><\/p>&mdash; Zona Roja Oaxaca (@MexRoja) <a href=\"https:\/\/twitter.com\/MexRoja\/status\/1353460892655083520?ref_src=twsrc%5Etfw\">24 de enero de 2021<\/a><\/blockquote><\/div>\n<\/div><\/figure>\n\n\n\n<p>Reiter\u00f3 que no descansar\u00e1n hasta que se haga justicia para Mart\u00ednez Pinacho y sean encarcelados los autores materiales e intelectuales de su asesinato; \u201cde no ver avances al respecto, ser\u00eda indicativo del contubernio entre el gobierno y los asesinos\u201d, a\u00f1adi\u00f3.<\/p>\n\n\n\n<p>\u201cEl pueblo de Oaxaca tiene historia de lucha, hoy m\u00e1s que nunca debemos alzar las banderas para la reorganizaci\u00f3n del movimiento social, pues es la \u00fanica salida y respuesta que podemos dar ante la crisis que hacen caer sobre las espaldas de los trabajadores y los pueblos marginados y oprimidos\u201d, manifest\u00f3.<\/p>\n\n\n\n<p>Un grupo de integrantes del FPR se manifest\u00f3 esta ma\u00f1ana de domingo frente al Palacio de Gobierno de la capital, para reiterar su exigencia de justicia.<\/p>\n","protected":false},"excerpt":{"rendered":"<p>Redacci\u00f3n\/Zona Roja. Oaxaca de Ju\u00e1rez, Oax., 24 de enero de 2021.- El Comit\u00e9 Cerezo document\u00f3&hellip;<\/p>\n","protected":false},"author":2,"featured_media":22788,"comment_status":"closed","ping_status":"open","sticky":false,"template":"","format":"standard","meta":{"_lmt_disableupdate":"","_lmt_disable":"","_jetpack_memberships_contains_paid_content":false,"footnotes":""},"categories":[109,47],"tags":[1687],"class_list":["post-22787","post","type-post","status-publish","format-standard","has-post-thumbnail","hentry","category-minuto-a-minuto","category-zona-gris","tag-frente-popular-revolucionario-fpr"],"jetpack_featured_media_url":"https:\/\/zonaroja.com.mx\/wp-content\/uploads\/2021\/01\/FPR-conferencia.png","jetpack_sharing_enabled":true,"_links":{"self":[{"href":"https:\/\/zonaroja.com.mx\/index.php?rest_route=\/wp\/v2\/posts\/22787","targetHints":{"allow":["GET"]}}],"collection":[{"href":"https:\/\/zonaroja.com.mx\/index.php?rest_route=\/wp\/v2\/posts"}],"about":[{"href":"https:\/\/zonaroja.com.mx\/index.php?rest_route=\/wp\/v2\/types\/post"}],"author":[{"embeddable":true,"href":"https:\/\/zonaroja.com.mx\/index.php?rest_route=\/wp\/v2\/users\/2"}],"replies":[{"embeddable":true,"href":"https:\/\/zonaroja.com.mx\/index.php?rest_route=%2Fwp%2Fv2%2Fcomments&post=22787"}],"version-history":[{"count":1,"href":"https:\/\/zonaroja.com.mx\/index.php?rest_route=\/wp\/v2\/posts\/22787\/revisions"}],"predecessor-version":[{"id":22789,"href":"https:\/\/zonaroja.com.mx\/index.php?rest_route=\/wp\/v2\/posts\/22787\/revisions\/22789"}],"wp:featuredmedia":[{"embeddable":true,"href":"https:\/\/zonaroja.com.mx\/index.php?rest_route=\/wp\/v2\/media\/22788"}],"wp:attachment":[{"href":"https:\/\/zonaroja.com.mx\/index.php?rest_route=%2Fwp%2Fv2%2Fmedia&parent=22787"}],"wp:term":[{"taxonomy":"category","embeddable":true,"href":"https:\/\/zonaroja.com.mx\/index.php?rest_route=%2Fwp%2Fv2%2Fcategories&post=22787"},{"taxonomy":"post_tag","embeddable":true,"href":"https:\/\/zonaroja.com.mx\/index.php?rest_route=%2Fwp%2Fv2%2Ftags&post=22787"}],"curies":[{"name":"wp","href":"https:\/\/api.w.org\/{rel}","templated":true}]}}