{"id":2279,"date":"2019-07-15T15:19:01","date_gmt":"2019-07-15T20:19:01","guid":{"rendered":"http:\/\/www.zonaroja.com.mx\/?p=2279"},"modified":"2019-07-15T15:19:03","modified_gmt":"2019-07-15T20:19:03","slug":"lunes-rojo-tres-asesinados-por-enfrentamiento-en-mixe-y-un-ejecutado-en-istmo","status":"publish","type":"post","link":"https:\/\/zonaroja.com.mx\/?p=2279","title":{"rendered":"Lunes rojo: tres asesinados por enfrentamiento en Mixe y un ejecutado en Istmo"},"content":{"rendered":"\n<p>Redacci\u00f3n<\/p>\n\n\n\n<p>Oaxaca de\nJu\u00e1rez, Oax., 15 de julio de 2019.- Tres personas fueron asesinadas a balazos y\ntres m\u00e1s resultaron lesionadas la madrugada de este lunes, por un presunto\nenfrentamiento en la zona Mixe de Oaxaca.<\/p>\n\n\n\n<p>De acuerdo\ncon informes policiacos y confirmaci\u00f3n de la Fiscal\u00eda General del Estado, los\nhechos sucedieron en la comunidad de El Espinal, perteneciente al municipio de\nSan Miguel Quetzaltepec, que mantiene un a\u00f1ejo conflicto agrario con la agencia\nde San Juan Bosco Chuxnab\u00e1n.<\/p>\n\n\n\n<p>Las personas\nfallecidas fueron identificadas \u00fanicamente con las siglas J. J. R., R. H. R. y\nL. J. R., mientras que las lesionadas como R. S. M., I. O. R y A. M. S. La\ninstancia de procuraci\u00f3n de justicia inici\u00f3 la carpeta de investigaci\u00f3n\n23958\/FVCE\/ZACATEPEC\/2019.<\/p>\n\n\n\n<p>En esa zona\nde nueva cuenta fue bloqueada la carretera estatal que comunica a Quetzaltepec\ncon Chuxnab\u00e1n, hasta en tanto no haya soluci\u00f3n a la problem\u00e1tica.<\/p>\n\n\n\n<p>EJECUTADO Y\nLESIONADA<\/p>\n\n\n\n<p>Por otra\nparte, tambi\u00e9n la madrugada de hoy pero en la regi\u00f3n del Istmo de Tehuantepec,\nfue confirmada la ejecuci\u00f3n a balazos una persona del sexo masculino y una\nfemenina result\u00f3 lesionada.<\/p>\n\n\n\n<p>Los hechos\nocurrieron en el municipio de San Pedro Tapanatepec, donde ocurri\u00f3 el ataque\narmado; la v\u00edctima mortal fue identificada como Juli\u00e1n Adri\u00e1n Salinas Mendoza,\nde 24 a\u00f1os de edad, mientras que la lesionada como \u00c1ngela Hern\u00e1ndez Mateo, de\n25 a\u00f1os.<\/p>\n\n\n\n<p>En este caso\nla Vicefiscal\u00eda Regional del Istmo no ha aportado mayores datos y se desconoce\nsi ya inici\u00f3 la carpeta de investigaci\u00f3n correspondiente. <\/p>\n","protected":false},"excerpt":{"rendered":"<p>Redacci\u00f3n Oaxaca de Ju\u00e1rez, Oax., 15 de julio de 2019.- Tres personas fueron asesinadas a&hellip;<\/p>\n","protected":false},"author":2,"featured_media":2280,"comment_status":"closed","ping_status":"open","sticky":false,"template":"","format":"standard","meta":{"_lmt_disableupdate":"","_lmt_disable":"","_jetpack_memberships_contains_paid_content":false,"footnotes":""},"categories":[109,51],"tags":[348],"class_list":["post-2279","post","type-post","status-publish","format-standard","has-post-thumbnail","hentry","category-minuto-a-minuto","category-zona-roja","tag-enfrentamiento-san-juan-bosco-chuxnaban-y-san-miguel-quetzaltepec"],"jetpack_featured_media_url":"https:\/\/zonaroja.com.mx\/wp-content\/uploads\/2019\/07\/San-Miguel-Quetzaltepec.jpg","jetpack_sharing_enabled":true,"_links":{"self":[{"href":"https:\/\/zonaroja.com.mx\/index.php?rest_route=\/wp\/v2\/posts\/2279","targetHints":{"allow":["GET"]}}],"collection":[{"href":"https:\/\/zonaroja.com.mx\/index.php?rest_route=\/wp\/v2\/posts"}],"about":[{"href":"https:\/\/zonaroja.com.mx\/index.php?rest_route=\/wp\/v2\/types\/post"}],"author":[{"embeddable":true,"href":"https:\/\/zonaroja.com.mx\/index.php?rest_route=\/wp\/v2\/users\/2"}],"replies":[{"embeddable":true,"href":"https:\/\/zonaroja.com.mx\/index.php?rest_route=%2Fwp%2Fv2%2Fcomments&post=2279"}],"version-history":[{"count":1,"href":"https:\/\/zonaroja.com.mx\/index.php?rest_route=\/wp\/v2\/posts\/2279\/revisions"}],"predecessor-version":[{"id":2281,"href":"https:\/\/zonaroja.com.mx\/index.php?rest_route=\/wp\/v2\/posts\/2279\/revisions\/2281"}],"wp:featuredmedia":[{"embeddable":true,"href":"https:\/\/zonaroja.com.mx\/index.php?rest_route=\/wp\/v2\/media\/2280"}],"wp:attachment":[{"href":"https:\/\/zonaroja.com.mx\/index.php?rest_route=%2Fwp%2Fv2%2Fmedia&parent=2279"}],"wp:term":[{"taxonomy":"category","embeddable":true,"href":"https:\/\/zonaroja.com.mx\/index.php?rest_route=%2Fwp%2Fv2%2Fcategories&post=2279"},{"taxonomy":"post_tag","embeddable":true,"href":"https:\/\/zonaroja.com.mx\/index.php?rest_route=%2Fwp%2Fv2%2Ftags&post=2279"}],"curies":[{"name":"wp","href":"https:\/\/api.w.org\/{rel}","templated":true}]}}