{"id":22790,"date":"2021-01-24T20:56:08","date_gmt":"2021-01-25T02:56:08","guid":{"rendered":"http:\/\/www.zonaroja.com.mx\/?p=22790"},"modified":"2021-01-24T20:56:58","modified_gmt":"2021-01-25T02:56:58","slug":"asesinan-a-activista-opositor-a-construccion-de-presa-en-la-costa-de-oaxaca","status":"publish","type":"post","link":"https:\/\/zonaroja.com.mx\/?p=22790","title":{"rendered":"Asesinan a activista opositor a construcci\u00f3n de presa en la Costa de Oaxaca"},"content":{"rendered":"\n<p>Redacci\u00f3n\/Estado20<\/p>\n\n\n\n<p>Oaxaca de Ju\u00e1rez, Oax., 24 de enero de 2021.- El l\u00edder, defensor comunitario y opositor a la construcci\u00f3n de la presa hidroel\u00e9ctrica \u201cPaso de la Reyna\u201d, Fidel Heras Cruz, fue asesinado ayer en la comunidad La Esperanza, localidad del municipio de Santiago Jamiltepec, en la regi\u00f3n Costa de Oaxaca.<\/p>\n\n\n\n<p>Actualmente se desempe\u00f1aba como presidente del Comisariado Ejidal de Paso de la Reyna, de donde era originario, adem\u00e1s de ser miembro activo del Consejo de Pueblos Unidos por la Defensa del R\u00edo Verde (Copudeber).<\/p>\n\n\n\n<p>Las autoridades del ejido Paso de la Reyna, localidad de Santiago Jamiltepec, detallaron que el crimen ocurri\u00f3 alrededor de las seis de la tarde, a 300 metros de la entrada a la comunidad La Esperanza. El cuerpo fue encontrado al interior de su camioneta con impactos de arma de fuego.<\/p>\n\n\n\n<p>En un comunicado, mencionaron que el pasado 21 de enero, Fidel Heras recibi\u00f3 un \u201can\u00f3nimo\u201d con amenazas de muerte, el cual se encontraba al interior de una bolsa en las obras de construcci\u00f3n de la sede del Comisariado.<\/p>\n\n\n\n<p>En esos mismos d\u00edas el propio agente, Filogonio Mart\u00ednez Merino, fue alertado de la presencia de una camioneta sospechosa con dos personas a bordo, en el paraje denominado \u201cEl Zanate\u201d; el agente dio parte a la polic\u00eda municipal y pidi\u00f3 le acompa\u00f1aran y escoltaran hasta llegar a la comunidad.<\/p>\n\n\n\n<p>\u201cEn este contexto, desde el a\u00f1o 2019 la presidenta municipal de Santiago Jamiltepec, Celia Rivas M\u00e1rquez, insisti\u00f3 en entrar al R\u00edo Verde para extraer material p\u00e9treo. La comunidad inicialmente se opuso y ante esto se vio obligada a suscribir un convenio, sin embargo, debido a la falta de cumplimiento del mismo, en varias ocasiones la comunidad se neg\u00f3 a que continuara con la explotaci\u00f3n del r\u00edo\u201d.<\/p>\n\n\n\n<p>La crisis m\u00e1s grave se present\u00f3 en agosto de 2020, abundaron las autoridades, cuando la familia Iglesias y la presidenta municipal presionaron a las autoridades ejidales para aumentar el volumen de extracci\u00f3n, sin hacer los pagos correspondientes, ni presentar ning\u00fan permiso ambiental por las afectaciones al r\u00edo.<\/p>\n\n\n\n<p>\u201cEn diciembre de 2020 dejaron de extraer el material y abandonaron provisionalmente su maquinaria en la jurisdicci\u00f3n del ejido de Paso de la Reyna. A los pocos d\u00edas del abandono, la maquinaria sufri\u00f3 da\u00f1os menores, esto ocasion\u00f3 el enojo de Manuel Iglesias, hijo del difunto Chulindo Iglesias, cacique de la regi\u00f3n, quien se ostenta como concesionario del r\u00edo. Manuel Iglesias exigi\u00f3 entonces el pago de da\u00f1os y lanz\u00f3 amenazas en contra de Fidel Heras\u201d.<\/p>\n\n\n\n<p>El pasado domingo 17 de enero de 2021 se celebr\u00f3 una asamblea de ejidatarios donde Fidel Heras rindi\u00f3 un informe sobre la situaci\u00f3n de la explotaci\u00f3n del material p\u00e9treo y del avance de la construcci\u00f3n del edificio que albergar\u00e1 la sede del comisariado y que fue donde se acord\u00f3 invertir los recursos de la extracci\u00f3n.<\/p>\n\n\n\n<p>Las autoridades se\u00f1alaron que algunos ejidatarios mencionaron un adeudo de m\u00e1s de 500 mil pesos por parte de la familia Iglesias a la comunidad y que tambi\u00e9n se mencion\u00f3 que era importante que el comisariado cobrar\u00e1 el adeudo.<\/p>\n\n\n\n<p>Para ellos, debido a estos acontecimientos, previos al crimen cometido contra el defensor comunitario y autoridad ejidal de Paso de la Reyna, Fidel Heras Cruz, no se descarta un m\u00f3vil pol\u00edtico en esta ejecuci\u00f3n, debido a su activa defensa del territorio y del R\u00edo Verde. Adem\u00e1s de los antecedentes de defensa del territorio en contra de la construcci\u00f3n del Proyecto Hidroel\u00e9ctrico Paso de la Reina y del Proyecto Hidroel\u00e9ctrico R\u00edo Verde.<\/p>\n\n\n\n<p>\u201cPor lo anteriormente expuesto, exigimos al Gobierno del Estado de Oaxaca su intervenci\u00f3n, en el \u00e1mbito de sus atribuciones, para dar seguimiento hasta el esclarecimiento de los hechos y brindar atenci\u00f3n a quienes hacemos esta denuncia.<\/p>\n\n\n\n<p>\u201cA la Fiscal\u00eda General del Estado, pedimos que abra la carpeta de investigaci\u00f3n correspondiente, sin descartar ninguna de las causas mencionadas en el presente escrito. A la Defensor\u00eda de los Derechos Humanos del Pueblo de Oaxaca le solicitamos otorgar medidas cautelares a las autoridades ejidales, municipales y a las y los defensores de Paso de la Reina\u201d, finalizaron.<\/p>\n","protected":false},"excerpt":{"rendered":"<p>Redacci\u00f3n\/Estado20 Oaxaca de Ju\u00e1rez, Oax., 24 de enero de 2021.- El l\u00edder, defensor comunitario y&hellip;<\/p>\n","protected":false},"author":2,"featured_media":22792,"comment_status":"closed","ping_status":"open","sticky":false,"template":"","format":"standard","meta":{"_lmt_disableupdate":"","_lmt_disable":"","_jetpack_memberships_contains_paid_content":false,"footnotes":""},"categories":[109,51],"tags":[2398],"class_list":["post-22790","post","type-post","status-publish","format-standard","has-post-thumbnail","hentry","category-minuto-a-minuto","category-zona-roja","tag-fidel-heras-cruz"],"jetpack_featured_media_url":"https:\/\/zonaroja.com.mx\/wp-content\/uploads\/2021\/01\/Activista-asesinado-Paso-de-la-Reyna.jpg","jetpack_sharing_enabled":true,"_links":{"self":[{"href":"https:\/\/zonaroja.com.mx\/index.php?rest_route=\/wp\/v2\/posts\/22790","targetHints":{"allow":["GET"]}}],"collection":[{"href":"https:\/\/zonaroja.com.mx\/index.php?rest_route=\/wp\/v2\/posts"}],"about":[{"href":"https:\/\/zonaroja.com.mx\/index.php?rest_route=\/wp\/v2\/types\/post"}],"author":[{"embeddable":true,"href":"https:\/\/zonaroja.com.mx\/index.php?rest_route=\/wp\/v2\/users\/2"}],"replies":[{"embeddable":true,"href":"https:\/\/zonaroja.com.mx\/index.php?rest_route=%2Fwp%2Fv2%2Fcomments&post=22790"}],"version-history":[{"count":1,"href":"https:\/\/zonaroja.com.mx\/index.php?rest_route=\/wp\/v2\/posts\/22790\/revisions"}],"predecessor-version":[{"id":22791,"href":"https:\/\/zonaroja.com.mx\/index.php?rest_route=\/wp\/v2\/posts\/22790\/revisions\/22791"}],"wp:featuredmedia":[{"embeddable":true,"href":"https:\/\/zonaroja.com.mx\/index.php?rest_route=\/wp\/v2\/media\/22792"}],"wp:attachment":[{"href":"https:\/\/zonaroja.com.mx\/index.php?rest_route=%2Fwp%2Fv2%2Fmedia&parent=22790"}],"wp:term":[{"taxonomy":"category","embeddable":true,"href":"https:\/\/zonaroja.com.mx\/index.php?rest_route=%2Fwp%2Fv2%2Fcategories&post=22790"},{"taxonomy":"post_tag","embeddable":true,"href":"https:\/\/zonaroja.com.mx\/index.php?rest_route=%2Fwp%2Fv2%2Ftags&post=22790"}],"curies":[{"name":"wp","href":"https:\/\/api.w.org\/{rel}","templated":true}]}}