{"id":22793,"date":"2021-01-24T21:22:08","date_gmt":"2021-01-25T03:22:08","guid":{"rendered":"http:\/\/www.zonaroja.com.mx\/?p=22793"},"modified":"2021-01-24T21:22:17","modified_gmt":"2021-01-25T03:22:17","slug":"amlo-anduvo-de-gira-en-nl-y-slp-sin-cubeboca-habria-contagiado-a-varios","status":"publish","type":"post","link":"https:\/\/zonaroja.com.mx\/?p=22793","title":{"rendered":"AMLO anduvo de gira en NL y SLP sin cubeboca; habr\u00eda contagiado a varios"},"content":{"rendered":"\n<p>Redacci\u00f3n\/Zona Roja Cdmx.<\/p>\n\n\n\n<p>Ciudad de M\u00e9xico, 24 de enero de 2021.- Al menos seis secretarios del gabinete federal y dos gobernadores, as\u00ed como decenas de personas, incluyendo las que viajaron en el avi\u00f3n que lo traslad\u00f3, convivieron con el Presidente Andr\u00e9s Manuel L\u00f3pez Obrador el fin de semana.<\/p>\n\n\n\n<p>Tras visitar el s\u00e1bado y hoy Nuevo Le\u00f3n y San Luis Potos\u00ed, esta tarde, a trav\u00e9s de sus redes sociales, el mandatario mexicano surgido del Partido Morena inform\u00f3 que dio positivo a Covid-19:<\/p>\n\n\n\n<p>\u201cLamento informarles que estoy contagiado de COVID-19. Los s\u00edntomas son leves pero ya estoy en tratamiento m\u00e9dico. Como siempre, soy optimista. Saldremos adelante todos. Me representar\u00e1 la Dra. Olga S\u00e1nchez Cordero en las ma\u00f1aneras para informar como lo hacemos todos los d\u00edas.<\/p>\n\n\n\n<p>\u201cYo estar\u00e9 pendiente de los asuntos p\u00fablicos desde Palacio Nacional. Por ejemplo, ma\u00f1ana atender\u00e9 una llamada con el presidente Vladimir Putin porque, independientemente de las relaciones de amistad, existe la posibilidad de que nos env\u00eden la vacuna Sputnik V.\u201d, poste\u00f3 alrededor de las 18:30 horas.<\/p>\n\n\n\n<p>El mandatario federal estuvo de visita en Linares, Nuevo Le\u00f3n, el s\u00e1bado, donde encabez\u00f3 la Evaluaci\u00f3n de Programas para el Bienestar en Carretera Nacional.<\/p>\n\n\n\n<figure class=\"wp-block-embed-twitter wp-block-embed is-type-rich is-provider-twitter\"><div class=\"wp-block-embed__wrapper\">\n<div class=\"twitter-tweet\"><blockquote class=\"twitter-tweet\" data-lang=\"es\"><p lang=\"es\" dir=\"ltr\">Yo estar\u00e9 pendiente de los asuntos p\u00fablicos desde Palacio Nacional. Por ejemplo, ma\u00f1ana atender\u00e9 una llamada con el presidente Vladimir Putin porque, independientemente de las relaciones de amistad, existe la posibilidad de que nos env\u00eden la vacuna Sputnik V.<\/p>&mdash; Andr\u00e9s Manuel (@lopezobrador_) <a href=\"https:\/\/twitter.com\/lopezobrador_\/status\/1353500520397238272?ref_src=twsrc%5Etfw\">25 de enero de 2021<\/a><\/blockquote><\/div>\n<\/div><\/figure>\n\n\n\n<p>En San Luis Potos\u00ed, donde estuvo parte del s\u00e1bado y del domingo, el presidente encabez\u00f3 un acto sobre el programa social Sembrando Vida en la Comunidad de Aprendizaje Campesino (CAC) \u00abSan Antonio\u00bb.<\/p>\n\n\n\n<p>Y hoy presidi\u00f3 la ceremonia de inauguraci\u00f3n de las instalaciones de la Guardia Nacional en el municipio Soledad de Graciano S\u00e1nchez, tambi\u00e9n en San Luis Potos\u00ed.<\/p>\n\n\n\n<p>A su regreso a la Ciudad de M\u00e9xico, de acuerdo con un video de \u201cEl Universal\u201d, el mandatario port\u00f3 cubreboca en el avi\u00f3n.<\/p>\n\n\n\n<p>El presidente ha sido cuestionado en diversas ocasiones por no usar cubrebocas en eventos p\u00fablico.<\/p>\n\n\n\n<p>El pasado 2 de diciembre coment\u00f3 que \u00abcada quien es libre\u00bb y que las personas que se sientan m\u00e1s seguras usando cubrebocas para evitar contagios de COVID-19 pueden hacerlo.<\/p>\n\n\n\n<p>\u00abEl que quiera ponerse cubrebocas y sentirse m\u00e1s seguro lo puede hacer, yo no lo estoy impidiendo. Yo lo que quiero es que todos actuemos de manera responsable, y que nos cuidemos. Si se usa cubrebocas y de esta manera se siente la persona m\u00e1s segura, adelante\u00bb, indic\u00f3 en aquella ocasi\u00f3n.<\/p>\n","protected":false},"excerpt":{"rendered":"<p>Redacci\u00f3n\/Zona Roja Cdmx. Ciudad de M\u00e9xico, 24 de enero de 2021.- Al menos seis secretarios&hellip;<\/p>\n","protected":false},"author":2,"featured_media":22794,"comment_status":"closed","ping_status":"open","sticky":false,"template":"","format":"standard","meta":{"_lmt_disableupdate":"","_lmt_disable":"","_jetpack_memberships_contains_paid_content":false,"footnotes":""},"categories":[109,47],"tags":[143],"class_list":["post-22793","post","type-post","status-publish","format-standard","has-post-thumbnail","hentry","category-minuto-a-minuto","category-zona-gris","tag-andres-manuel-lopez-obrador"],"jetpack_featured_media_url":"https:\/\/zonaroja.com.mx\/wp-content\/uploads\/2021\/01\/AMLO-Covid.jpg","jetpack_sharing_enabled":true,"_links":{"self":[{"href":"https:\/\/zonaroja.com.mx\/index.php?rest_route=\/wp\/v2\/posts\/22793","targetHints":{"allow":["GET"]}}],"collection":[{"href":"https:\/\/zonaroja.com.mx\/index.php?rest_route=\/wp\/v2\/posts"}],"about":[{"href":"https:\/\/zonaroja.com.mx\/index.php?rest_route=\/wp\/v2\/types\/post"}],"author":[{"embeddable":true,"href":"https:\/\/zonaroja.com.mx\/index.php?rest_route=\/wp\/v2\/users\/2"}],"replies":[{"embeddable":true,"href":"https:\/\/zonaroja.com.mx\/index.php?rest_route=%2Fwp%2Fv2%2Fcomments&post=22793"}],"version-history":[{"count":1,"href":"https:\/\/zonaroja.com.mx\/index.php?rest_route=\/wp\/v2\/posts\/22793\/revisions"}],"predecessor-version":[{"id":22795,"href":"https:\/\/zonaroja.com.mx\/index.php?rest_route=\/wp\/v2\/posts\/22793\/revisions\/22795"}],"wp:featuredmedia":[{"embeddable":true,"href":"https:\/\/zonaroja.com.mx\/index.php?rest_route=\/wp\/v2\/media\/22794"}],"wp:attachment":[{"href":"https:\/\/zonaroja.com.mx\/index.php?rest_route=%2Fwp%2Fv2%2Fmedia&parent=22793"}],"wp:term":[{"taxonomy":"category","embeddable":true,"href":"https:\/\/zonaroja.com.mx\/index.php?rest_route=%2Fwp%2Fv2%2Fcategories&post=22793"},{"taxonomy":"post_tag","embeddable":true,"href":"https:\/\/zonaroja.com.mx\/index.php?rest_route=%2Fwp%2Fv2%2Ftags&post=22793"}],"curies":[{"name":"wp","href":"https:\/\/api.w.org\/{rel}","templated":true}]}}