{"id":22797,"date":"2021-01-25T07:01:32","date_gmt":"2021-01-25T13:01:32","guid":{"rendered":"http:\/\/www.zonaroja.com.mx\/?p=22797"},"modified":"2021-01-25T07:01:37","modified_gmt":"2021-01-25T13:01:37","slug":"aseguran-que-se-mantienen-filtros-de-control-y-seguridad-en-zona-triqui","status":"publish","type":"post","link":"https:\/\/zonaroja.com.mx\/?p=22797","title":{"rendered":"Aseguran que se mantienen filtros de control y seguridad en zona Triqui"},"content":{"rendered":"\n<p>Redacci\u00f3n\/Zona Roja.<\/p>\n\n\n\n<p>Oaxaca de Ju\u00e1rez, Oax., 25 de enero de 2021.- La Secretar\u00eda de Seguridad P\u00fablica de Oaxaca (SSPO) inform\u00f3 que mantiene filtros de control y seguridad con personal de la Polic\u00eda Estatal, en los accesos de las comunidades de la zona Triqui, entre ellas Tierra Blanca Copala.<\/p>\n\n\n\n<p>En un comunicado, detall\u00f3 que mediante la implementaci\u00f3n del Plan Integral de Seguridad, la SSPO despleg\u00f3 operativos de seguridad y vigilancia, con el fin de generar condiciones de paz durante las mesas de trabajo con integrantes de las caravanas de los gobiernos federal y estatal. Asimismo, los uniformados mantienen presencia disuasiva y de vigilancia.<\/p>\n\n\n\n<p>Expuso que lo anterior, como parte de las instrucciones del Gobernador del Estado, Alejandro Murat Hinojosa, de dar puntual seguimiento a la problem\u00e1tica que se presenta en las comunidades de la zona Triqui, trabajando en todo momento por la reconstrucci\u00f3n del tejido social y crear condiciones de paz entre los habitantes y organizaciones sociales, privilegiando el di\u00e1logo y el respeto a los derechos humanos de la ciudadan\u00eda.<\/p>\n\n\n\n<p>Resalt\u00f3 que en referido despliegue se encuentran personal de la Secretar\u00eda General de Gobierno (Segego), Guardia Nacional (GN), la Comisi\u00f3n Nacional de Derechos Humanos (CNDH), Defensor\u00eda de los Derechos Humanos del Pueblo de Oaxaca (DDHPO), as\u00ed como, representantes del Gobierno Federal.<\/p>\n","protected":false},"excerpt":{"rendered":"<p>Redacci\u00f3n\/Zona Roja. Oaxaca de Ju\u00e1rez, Oax., 25 de enero de 2021.- La Secretar\u00eda de Seguridad&hellip;<\/p>\n","protected":false},"author":2,"featured_media":22798,"comment_status":"closed","ping_status":"open","sticky":false,"template":"","format":"standard","meta":{"_lmt_disableupdate":"","_lmt_disable":"","_jetpack_memberships_contains_paid_content":false,"footnotes":""},"categories":[109,47],"tags":[175,1712],"class_list":["post-22797","post","type-post","status-publish","format-standard","has-post-thumbnail","hentry","category-minuto-a-minuto","category-zona-gris","tag-secretaria-de-seguridad-publica-de-oaxaca","tag-tierra-blanca-copala"],"jetpack_featured_media_url":"https:\/\/zonaroja.com.mx\/wp-content\/uploads\/2021\/01\/SSPO-zona-Triqui.jpeg","jetpack_sharing_enabled":true,"_links":{"self":[{"href":"https:\/\/zonaroja.com.mx\/index.php?rest_route=\/wp\/v2\/posts\/22797","targetHints":{"allow":["GET"]}}],"collection":[{"href":"https:\/\/zonaroja.com.mx\/index.php?rest_route=\/wp\/v2\/posts"}],"about":[{"href":"https:\/\/zonaroja.com.mx\/index.php?rest_route=\/wp\/v2\/types\/post"}],"author":[{"embeddable":true,"href":"https:\/\/zonaroja.com.mx\/index.php?rest_route=\/wp\/v2\/users\/2"}],"replies":[{"embeddable":true,"href":"https:\/\/zonaroja.com.mx\/index.php?rest_route=%2Fwp%2Fv2%2Fcomments&post=22797"}],"version-history":[{"count":1,"href":"https:\/\/zonaroja.com.mx\/index.php?rest_route=\/wp\/v2\/posts\/22797\/revisions"}],"predecessor-version":[{"id":22799,"href":"https:\/\/zonaroja.com.mx\/index.php?rest_route=\/wp\/v2\/posts\/22797\/revisions\/22799"}],"wp:featuredmedia":[{"embeddable":true,"href":"https:\/\/zonaroja.com.mx\/index.php?rest_route=\/wp\/v2\/media\/22798"}],"wp:attachment":[{"href":"https:\/\/zonaroja.com.mx\/index.php?rest_route=%2Fwp%2Fv2%2Fmedia&parent=22797"}],"wp:term":[{"taxonomy":"category","embeddable":true,"href":"https:\/\/zonaroja.com.mx\/index.php?rest_route=%2Fwp%2Fv2%2Fcategories&post=22797"},{"taxonomy":"post_tag","embeddable":true,"href":"https:\/\/zonaroja.com.mx\/index.php?rest_route=%2Fwp%2Fv2%2Ftags&post=22797"}],"curies":[{"name":"wp","href":"https:\/\/api.w.org\/{rel}","templated":true}]}}