{"id":22800,"date":"2021-01-25T08:44:56","date_gmt":"2021-01-25T14:44:56","guid":{"rendered":"http:\/\/www.zonaroja.com.mx\/?p=22800"},"modified":"2021-01-25T08:44:59","modified_gmt":"2021-01-25T14:44:59","slug":"el-pri-de-oaxaca-con-mas-de-lo-mismo-destinado-al-fracaso","status":"publish","type":"post","link":"https:\/\/zonaroja.com.mx\/?p=22800","title":{"rendered":"El PRI de Oaxaca, con m\u00e1s de lo mismo, destinado al fracaso"},"content":{"rendered":"\n<p>Ismael Garc\u00eda M.\/Zona Roja.<\/p>\n\n\n\n<p>Oaxaca de Ju\u00e1rez, Oax., 25 de enero de 2021.- El pasado s\u00e1bado, al menos siete aspirantes del Partido Revolucionario Institucional se registraron ante su instancia interna para competir por una curul federal.<\/p>\n\n\n\n<p>Sin embargo, son los mismos pol\u00edticos de siempre: anquilosados, ma\u00f1osos, vetustos, tradicionales; hombres y mujeres que no entienden los tiempos actuales y mucho menos tienen din\u00e1micas innovadoras para enfrentar al Partido Morena, que pese a todo sigue siendo la principal fuerza pol\u00edtica de M\u00e9xico y de Oaxaca.<\/p>\n\n\n\n<p>Eso demuestra dos cosas, una, que los priistas no han aprendido la derrota y que siguen creyendo que sus tradicionales operadores de las d\u00e1divas, mantienen su \u201cliderazgo\u201d en sus respectivas zonas; tampoco entienden que ya no tienen recursos ni programas oficiales a su alcance para ofrecer apoyos y comprar votos.<\/p>\n\n\n\n<p>Y dos, que Jos\u00e9 Murat dej\u00f3 en manos de Alejandro Avil\u00e9s todas las decisiones partidistas, con dos jugadas a la vez: que ellos mismos terminen por enterrar al PRI y jugar con otros partidos, de manera \u201cdiscreta\u201d.<\/p>\n\n\n\n<p>De los registrados el pasado s\u00e1bado, todos son impresentables; todos han vivido de la pol\u00edtica; todos \u00fanicamente quieren seguir viviendo del erario, ya sea desde el Legislativo o desde el Ejecutivo. Algunos ejemplos:<\/p>\n\n\n\n<p>\u00bfQui\u00e9n en su sano juicio conf\u00eda en Sof\u00eda Castro R\u00edos? Vividora de los ind\u00edgenas, diputada local y federal en m\u00faltiples ocasiones; funcionaria estatal, incluyendo en el actual sexenio y con nulos resultados en sus casi tres d\u00e9cadas de vivir, literalmente, de la pol\u00edtica.<\/p>\n\n\n\n<p>\u00bfQui\u00e9n aprob\u00f3 la designaci\u00f3n de Antonio Amaro Cancino? Fiel siempre a Ulises Ruiz Ortiz, s\u00f3lo ha vivido de los cargos p\u00fablicos y de la pol\u00edtica, m\u00e1s no ha hecho nada a favor de los oaxaque\u00f1os ni de sus paisanos de la Cuenca. Funcionario federal y ahora con Alejandro Murat, fue recomendado por Alejandro Avil\u00e9s para impulsarlo como candidato; gris totalmente, en su paso por Protecci\u00f3n Civil estatal.<\/p>\n\n\n\n<p>M\u00edriam Liborio nunca ha tenido vocaci\u00f3n de servidora p\u00fablica y son totalmente negativos sus resultados en el Instituto Estatal de Educaci\u00f3n para Adultos, que dej\u00f3 recientemente; igual sucedi\u00f3 en todos sus cargos anteriores, cargos que siempre ha aprovechado solamente para seguir manteniendo su presencia pol\u00edtica en la costa al lado de su hermana, pero jam\u00e1s para apoyar a la gente.<\/p>\n\n\n\n<p>\u00d3scar Toral R\u00edos, su \u00fanico inter\u00e9s es seguirse enriqueciendo a trav\u00e9s de las empresas constructoras, mientras el pueblo que dice gobernar, Asunci\u00f3n Ixtaltepec, vive en la inseguridad extrema y apenas el pasado jueves asesinaron a balazos a dos personas.<\/p>\n\n\n\n<p>\u00bfY Yolanda Mart\u00ednez L\u00f3pez? De la misma manera; lleg\u00f3 apenas hace cuatro a\u00f1os a Oaxaca y ha confiado en la suerte pol\u00edtica de su madre, una de las caciques de Huajuapan; lo \u00fanico que hizo la ahora ex funcionaria, es utilizar la dependencia para llevar apoyos y programas de la Secretar\u00eda de Bienestar a la regi\u00f3n Mixteca, para tener una supuesta base social durante su campa\u00f1a.<\/p>\n\n\n\n<p>Y as\u00ed se podr\u00eda describir a cada uno de ellos, como es el caso de Donato Casas Escamilla, que siempre neg\u00f3 que quer\u00eda ser candidato a un cargo de representaci\u00f3n popular, durante su paso en los Servicios de Salud, y hoy dice que siempre s\u00ed. Por cierto, sin experiencia pol\u00edtica y \u00fanicamente administrativa, forma parte ya de la lista de perdedores.<\/p>\n\n\n\n<p>EL PROTAGONISMO<\/p>\n\n\n\n<p>El mismo s\u00e1bado, el PRI y el PRD, sin el PAN con quien van en supuesta alianza, presentaron ante el INE una queja en contra de Nancy Ortiz y diputados locales por supuesto lucro con programas sociales.<\/p>\n\n\n\n<p>El\u00edas Cort\u00e9s, a quien le tienen reservada una plurinominal, se regode\u00f3 con su denuncia, tildando a los morenistas de corruptos e incluso pidiendo la intervenci\u00f3n de instancias de justicia. Pero no ve la paja en el ojo ajeno y para muestra los m\u00faltiples botones de funcionarios del gobierno de Alejandro Murat que a diestra y siniestra utilizan los programas y obras p\u00fablicas para promocionarse.<\/p>\n\n\n\n<p>\u201cEstoy dispuesto a #PonerLaHistoriaEnSuLugar\u201d, ha tuiteado infinidad de veces, mientras cierra los ojos a lo que hacen sus correligionarios.<\/p>\n\n\n\n<p>Claro, no se trata de defender ni a morenistas ni a pol\u00edticos de otros partidos, sino de se\u00f1alar las \u201cpurezas\u201d de las que carecen precisamente los priistas.<\/p>\n\n\n\n<p>Desde luego, hay morenistas, como Jes\u00fas Romero L\u00f3pez, que han incurrido en excesivo uso de la publicidad, fuera de los tiempos permitidos por la ley, y por supuesto, tambi\u00e9n debe ser sancionado.<\/p>\n\n\n\n<p>LA APUESTA<\/p>\n\n\n\n<p>Pero como se ha dicho, la apuesta del gobernador Alejandro Murat y de su padre Jos\u00e9 Murat Casab, ya no es el PRI, sino otros intereses pol\u00edticos.<\/p>\n\n\n\n<p>La alianza con Andr\u00e9s Manuel L\u00f3pez Obrador va viento en popa mediante la uni\u00f3n de Morena con el Partido Verde Ecologista de M\u00e9xico, y por otro lado, la callada apuesta por Fuerza por M\u00e9xico.<\/p>\n\n\n\n<p>De ah\u00ed saldr\u00e1n sus pr\u00f3ximos aliados pol\u00edticos, para tratar de seguir manteniendo el poder en Oaxaca, promoviendo ahora a Ivette Mor\u00e1n de Murat.<\/p>\n\n\n\n<p>\u00bfY LA CAPITAL?<\/p>\n\n\n\n<p>En ese tenor se han desenvuelto los amarres pol\u00edticos y la capital no ha estado exenta de ello.<\/p>\n\n\n\n<p>La semana que termin\u00f3, Javier Villaca\u00f1a acudi\u00f3 a la Ciudad de M\u00e9xico para convencer a Jos\u00e9 Murat de su apoyo, lo cual logr\u00f3 y se prev\u00e9 sea ungido candidato a la alcad\u00eda capitalina.<\/p>\n\n\n\n<p>Pero apenas se conoci\u00f3 la noticia, comenzaron las agresiones, el pasado jueves, con un grupo de mujeres, presuntamente enviadas por Morena, que lo acus\u00f3 de misoginia, sin presentar absolutamente ninguna prueba. De inmediato arrib\u00f3 otro grupo de mujeres que le dio el respaldo y dio testimonios de actos positivos del probable candidato.<\/p>\n\n\n\n<p>Ahora, a Villaca\u00f1a s\u00f3lo le falta sortear a panistas y perredistas, que le niegan el apoyo a pesar de los jalones de oreja a nivel nacional; convencer a Samuel Gurri\u00f3n, que sigue empecinado en ser postulado\u2026 y crear una verdadera estrategia pol\u00edtica que venza a Morena, que en todas las encuestas sigue manteniendo altas preferencias electorales.<\/p>\n","protected":false},"excerpt":{"rendered":"<p>Ismael Garc\u00eda M.\/Zona Roja. Oaxaca de Ju\u00e1rez, Oax., 25 de enero de 2021.- El pasado&hellip;<\/p>\n","protected":false},"author":2,"featured_media":7610,"comment_status":"closed","ping_status":"open","sticky":false,"template":"","format":"standard","meta":{"_lmt_disableupdate":"","_lmt_disable":"","_jetpack_memberships_contains_paid_content":false,"footnotes":""},"categories":[456,109,48],"tags":[1353],"class_list":["post-22800","post","type-post","status-publish","format-standard","has-post-thumbnail","hentry","category-columna","category-minuto-a-minuto","category-zona-critica","tag-opinion-zona-critica"],"jetpack_featured_media_url":"https:\/\/zonaroja.com.mx\/wp-content\/uploads\/2020\/01\/Opini\u00f3n-Zona-Cr\u00edtica.jpg","jetpack_sharing_enabled":true,"_links":{"self":[{"href":"https:\/\/zonaroja.com.mx\/index.php?rest_route=\/wp\/v2\/posts\/22800","targetHints":{"allow":["GET"]}}],"collection":[{"href":"https:\/\/zonaroja.com.mx\/index.php?rest_route=\/wp\/v2\/posts"}],"about":[{"href":"https:\/\/zonaroja.com.mx\/index.php?rest_route=\/wp\/v2\/types\/post"}],"author":[{"embeddable":true,"href":"https:\/\/zonaroja.com.mx\/index.php?rest_route=\/wp\/v2\/users\/2"}],"replies":[{"embeddable":true,"href":"https:\/\/zonaroja.com.mx\/index.php?rest_route=%2Fwp%2Fv2%2Fcomments&post=22800"}],"version-history":[{"count":1,"href":"https:\/\/zonaroja.com.mx\/index.php?rest_route=\/wp\/v2\/posts\/22800\/revisions"}],"predecessor-version":[{"id":22801,"href":"https:\/\/zonaroja.com.mx\/index.php?rest_route=\/wp\/v2\/posts\/22800\/revisions\/22801"}],"wp:featuredmedia":[{"embeddable":true,"href":"https:\/\/zonaroja.com.mx\/index.php?rest_route=\/wp\/v2\/media\/7610"}],"wp:attachment":[{"href":"https:\/\/zonaroja.com.mx\/index.php?rest_route=%2Fwp%2Fv2%2Fmedia&parent=22800"}],"wp:term":[{"taxonomy":"category","embeddable":true,"href":"https:\/\/zonaroja.com.mx\/index.php?rest_route=%2Fwp%2Fv2%2Fcategories&post=22800"},{"taxonomy":"post_tag","embeddable":true,"href":"https:\/\/zonaroja.com.mx\/index.php?rest_route=%2Fwp%2Fv2%2Ftags&post=22800"}],"curies":[{"name":"wp","href":"https:\/\/api.w.org\/{rel}","templated":true}]}}