{"id":22805,"date":"2021-01-25T10:37:03","date_gmt":"2021-01-25T16:37:03","guid":{"rendered":"https:\/\/www.zonaroja.com.mx\/?p=22805"},"modified":"2021-01-25T12:47:46","modified_gmt":"2021-01-25T18:47:46","slug":"aprueba-congreso-justicia-virtual-propuesta-por-diputado-cesar-morales","status":"publish","type":"post","link":"https:\/\/zonaroja.com.mx\/?p=22805","title":{"rendered":"Aprueba Congreso justicia virtual propuesta por diputado C\u00e9sar Morales"},"content":{"rendered":"\n<p>Redacci\u00f3n\/Zona Roja. <\/p>\n\n\n\n<p>Oaxaca de Ju\u00e1rez, Oax., 25 de enero de 2021.- Para garantizar que la administraci\u00f3n de justicia sea pronta y expedita a\u00fan con la pandemia, las sesiones del Poder Judicial podr\u00e1n ser virtuales, de acuerdo con la reforma a la Ley Org\u00e1nica del Poder Judicial, aprobada por la LXIV Legislatura, inform\u00f3 el diputado local del Partido del Trabajo, C\u00e9sar Enrique Morales Ni\u00f1o.<\/p>\n\n\n\n<p>La iniciativa, indic\u00f3 que fue elaborada en coordinaci\u00f3n con magistrados del Tribunal Superior de Justicia del Estado, ante la dif\u00edcil situaci\u00f3n a consecuencia de los contagios de Covid-19, que oblig\u00f3 al Poder Judicial a suspender varios meses sus actividades.<\/p>\n\n\n\n<p>\u201cAhora con la reforma aprobada por la 64 Legislatura se estableci\u00f3 que las sesiones del Pleno, las Salas y el Consejo de la Judicatura ser\u00e1n virtuales, cuando por causa justificada as\u00ed lo consideren necesario, las cuales se celebrar\u00e1n en uso de la tecnolog\u00eda y medios de comunicaci\u00f3n al alcance, debiendo ser grabadas en audio y video, adem\u00e1s de garantizarse el cumplimiento de las mismas formalidades y requisitos que se establecen para las presenciales\u201d, detall\u00f3 el coautor de la reforma votada recientemente por el pleno del Congreso del Estado.<\/p>\n\n\n\n<p>Asimismo, dijo que la reforma establece que las discusiones para la emisi\u00f3n de las resoluciones se llevar\u00e1n a cabo en forma presencial y por causa justificada de forma virtual.<\/p>\n","protected":false},"excerpt":{"rendered":"<p>Redacci\u00f3n\/Zona Roja. Oaxaca de Ju\u00e1rez, Oax., 25 de enero de 2021.- Para garantizar que la&hellip;<\/p>\n","protected":false},"author":2,"featured_media":22804,"comment_status":"closed","ping_status":"open","sticky":false,"template":"","format":"standard","meta":{"_lmt_disableupdate":"","_lmt_disable":"","_jetpack_memberships_contains_paid_content":false,"footnotes":""},"categories":[109,46],"tags":[612],"class_list":["post-22805","post","type-post","status-publish","format-standard","has-post-thumbnail","hentry","category-minuto-a-minuto","category-zona-blanca","tag-cesar-morales-nino"],"jetpack_featured_media_url":"https:\/\/zonaroja.com.mx\/wp-content\/uploads\/2021\/01\/f938831c-a2a8-4b81-ae18-2ac03fc4decc.jpg","jetpack_sharing_enabled":true,"_links":{"self":[{"href":"https:\/\/zonaroja.com.mx\/index.php?rest_route=\/wp\/v2\/posts\/22805","targetHints":{"allow":["GET"]}}],"collection":[{"href":"https:\/\/zonaroja.com.mx\/index.php?rest_route=\/wp\/v2\/posts"}],"about":[{"href":"https:\/\/zonaroja.com.mx\/index.php?rest_route=\/wp\/v2\/types\/post"}],"author":[{"embeddable":true,"href":"https:\/\/zonaroja.com.mx\/index.php?rest_route=\/wp\/v2\/users\/2"}],"replies":[{"embeddable":true,"href":"https:\/\/zonaroja.com.mx\/index.php?rest_route=%2Fwp%2Fv2%2Fcomments&post=22805"}],"version-history":[{"count":1,"href":"https:\/\/zonaroja.com.mx\/index.php?rest_route=\/wp\/v2\/posts\/22805\/revisions"}],"predecessor-version":[{"id":22806,"href":"https:\/\/zonaroja.com.mx\/index.php?rest_route=\/wp\/v2\/posts\/22805\/revisions\/22806"}],"wp:featuredmedia":[{"embeddable":true,"href":"https:\/\/zonaroja.com.mx\/index.php?rest_route=\/wp\/v2\/media\/22804"}],"wp:attachment":[{"href":"https:\/\/zonaroja.com.mx\/index.php?rest_route=%2Fwp%2Fv2%2Fmedia&parent=22805"}],"wp:term":[{"taxonomy":"category","embeddable":true,"href":"https:\/\/zonaroja.com.mx\/index.php?rest_route=%2Fwp%2Fv2%2Fcategories&post=22805"},{"taxonomy":"post_tag","embeddable":true,"href":"https:\/\/zonaroja.com.mx\/index.php?rest_route=%2Fwp%2Fv2%2Ftags&post=22805"}],"curies":[{"name":"wp","href":"https:\/\/api.w.org\/{rel}","templated":true}]}}