{"id":22807,"date":"2021-01-25T13:51:29","date_gmt":"2021-01-25T19:51:29","guid":{"rendered":"https:\/\/www.zonaroja.com.mx\/?p=22807"},"modified":"2021-01-25T13:51:32","modified_gmt":"2021-01-25T19:51:32","slug":"exige-saxofonista-oaxaquena-a-fiscalia-de-oaxaca-dejar-a-un-lado-la-inaccion-en-su-caso","status":"publish","type":"post","link":"https:\/\/zonaroja.com.mx\/?p=22807","title":{"rendered":"Exige saxofonista oaxaque\u00f1a a Fiscal\u00eda de Oaxaca dejar a un lado la inacci\u00f3n en su caso"},"content":{"rendered":"\n<p>Evlin Arag\u00f3n\/Zona Roja. <\/p>\n\n\n\n<p>Oaxaca de Ju\u00e1rez, Oax., 25 de enero de 2021.- Tras la detenci\u00f3n desde hace meses de cuatro de los cinco implicados en la agresi\u00f3n con \u00e1cido de Mar\u00eda Elena R\u00edos Ortiz, la joven saxofonista denunci\u00f3 que la Fiscal\u00eda General del Estado de Oaxaca se ha quedado corta en la integraci\u00f3n de un expediente s\u00f3lido del caso, que permita la sentencia de sus atacantes por el delito de feminicidio en forma de tentativa.<\/p>\n\n\n\n<p>Lo hizo a trav\u00e9s de sus redes sociales donde lament\u00f3 que pese al tiempo transcurrido, sigan pendientes la integraci\u00f3n de una carpeta de investigaci\u00f3n contundente, la sentencia a los agresores y la \u00faltima detenci\u00f3n por la que ya que, incluso, ya existe una orden de aprehensi\u00f3n.  <\/p>\n\n\n\n<p>\u201cExijo a la Fiscal\u00eda de Oaxaca se garanticen mis derechos y dejen su INACCI\u00d3N y RETRASOS en integrar un expediente s\u00f3lido e irrefutable al igual LA EJECUCI\u00d3N DE LA \u00daLTIMA ORDEN DE APREHENSI\u00d3N\u201d, refiere la joven.&nbsp;&nbsp;<\/p>\n\n\n\n<p>A un a\u00f1o y cuatro meses de la agresi\u00f3n, Mar\u00eda Elena asegur\u00f3 que la Fiscal\u00eda de Oaxaca ha sido peligrosamente negligente con el caso, ya que dej\u00f3 abierta la puerta para que la defensa de los agresores intentara reclasificar el delito pasando de feminicidio en forma de tentativa, a s\u00f3lo lesiones; y d\u00e1ndoles incluso la posibilidad de que vivieran el proceso en libertad.&nbsp;&nbsp;<\/p>\n\n\n\n<p class=\"MsoNormal\">Sin embargo, explic\u00f3 que fue la Sexta Sala de lo Penal del Tribunal Superior de Justicia de Oaxaca la que reconoci\u00f3 el caso como intento de feminicidio por lo que <a href=\"\/\/0\">las cuatro personas<\/a> detenidas, incluida ex pol\u00edtico oaxaque\u00f1o Juan Vera C., continuar\u00e1n el proceso penal en prisi\u00f3n, con la intenci\u00f3n de salvaguardar la integridad de la joven.  <\/p>\n\n\n\n<p>Acci\u00f3n que dijo es gracias a su abogada, Diana Cristal Gonz\u00e1lez Obreg\u00f3n, quien con su voluntad, \u00e9tica y profesionalismo no permiti\u00f3 que las autoridades perdieran el rumbo en el caso. <\/p>\n\n\n\n<p>Todo lo anterior lo explic\u00f3 en entrevista con M\u00f3nica Garza para ADN 40, en donde record\u00f3 los hechos y el compromiso medi\u00e1tico que realizaron las autoridades estatales para hacer justicia, mismo que no se ha concretado, toda vez que en febrero se cumple el plazo que por ley se le dio a la Fiscal\u00eda para terminar con la integraci\u00f3n de pruebas e iniciar el juicio.&nbsp;<\/p>\n\n\n\n<p>\u201cLo que me preocupa mucho es este plazo que vence en el mes de febrero y que la Fiscal\u00eda no hace nada por ayudarme, que se supone que es el apoyo que me deben de brinda. Lamento mucho que en repetidas ocasiones salgan ante los medios a decir que ellos me ayudan, porque no es as\u00ed\u201d, dijo.&nbsp;&nbsp;<\/p>\n\n\n\n<p>As\u00ed mismo, refiri\u00f3 sentirse a\u00fan muy vulnerada al saber que uno de sus presuntos agresores, Juan V. H., se encuentra libre debido a un amparo interpuesto, y la falta de compromiso por parte de la Fiscal\u00eda, lo que tambi\u00e9n representa dijo, un peligro para toda la sociedad.  <\/p>\n\n\n\n<p>Pese a todo y con la fortaleza que la caracteriza, Mar\u00eda Elena expres\u00f3 que, aunque hay d\u00edas dif\u00edciles, continuar\u00e1 haciendo m\u00fasica porque sin duda es su pasi\u00f3n y parte de su motor de vida. \u201cHay d\u00edas en lo que me deprimo mucho y no tengo ganas de nada, pero hay otros en los que tomo el saxof\u00f3n para salir adelante\u201d.   <\/p>\n","protected":false},"excerpt":{"rendered":"<p>Evlin Arag\u00f3n\/Zona Roja. Oaxaca de Ju\u00e1rez, Oax., 25 de enero de 2021.- Tras la detenci\u00f3n&hellip;<\/p>\n","protected":false},"author":2,"featured_media":10923,"comment_status":"closed","ping_status":"open","sticky":false,"template":"","format":"standard","meta":{"_lmt_disableupdate":"","_lmt_disable":"","_jetpack_memberships_contains_paid_content":false,"footnotes":""},"categories":[109,47],"tags":[494,1124],"class_list":["post-22807","post","type-post","status-publish","format-standard","has-post-thumbnail","hentry","category-minuto-a-minuto","category-zona-gris","tag-fiscalia-general-del-estado-de-oaxaca","tag-maria-elena-rios-ortiz"],"jetpack_featured_media_url":"https:\/\/zonaroja.com.mx\/wp-content\/uploads\/2020\/04\/Mar\u00eda-Elena-R.-O..jpg","jetpack_sharing_enabled":true,"_links":{"self":[{"href":"https:\/\/zonaroja.com.mx\/index.php?rest_route=\/wp\/v2\/posts\/22807","targetHints":{"allow":["GET"]}}],"collection":[{"href":"https:\/\/zonaroja.com.mx\/index.php?rest_route=\/wp\/v2\/posts"}],"about":[{"href":"https:\/\/zonaroja.com.mx\/index.php?rest_route=\/wp\/v2\/types\/post"}],"author":[{"embeddable":true,"href":"https:\/\/zonaroja.com.mx\/index.php?rest_route=\/wp\/v2\/users\/2"}],"replies":[{"embeddable":true,"href":"https:\/\/zonaroja.com.mx\/index.php?rest_route=%2Fwp%2Fv2%2Fcomments&post=22807"}],"version-history":[{"count":1,"href":"https:\/\/zonaroja.com.mx\/index.php?rest_route=\/wp\/v2\/posts\/22807\/revisions"}],"predecessor-version":[{"id":22808,"href":"https:\/\/zonaroja.com.mx\/index.php?rest_route=\/wp\/v2\/posts\/22807\/revisions\/22808"}],"wp:featuredmedia":[{"embeddable":true,"href":"https:\/\/zonaroja.com.mx\/index.php?rest_route=\/wp\/v2\/media\/10923"}],"wp:attachment":[{"href":"https:\/\/zonaroja.com.mx\/index.php?rest_route=%2Fwp%2Fv2%2Fmedia&parent=22807"}],"wp:term":[{"taxonomy":"category","embeddable":true,"href":"https:\/\/zonaroja.com.mx\/index.php?rest_route=%2Fwp%2Fv2%2Fcategories&post=22807"},{"taxonomy":"post_tag","embeddable":true,"href":"https:\/\/zonaroja.com.mx\/index.php?rest_route=%2Fwp%2Fv2%2Ftags&post=22807"}],"curies":[{"name":"wp","href":"https:\/\/api.w.org\/{rel}","templated":true}]}}