{"id":22809,"date":"2021-01-25T15:28:28","date_gmt":"2021-01-25T21:28:28","guid":{"rendered":"http:\/\/www.zonaroja.com.mx\/?p=22809"},"modified":"2021-01-25T15:28:34","modified_gmt":"2021-01-25T21:28:34","slug":"acusan-a-titular-de-sso-de-adeudar-salarios-y-aplicar-descuentos-a-trabajadores","status":"publish","type":"post","link":"https:\/\/zonaroja.com.mx\/?p=22809","title":{"rendered":"Acusan a titular de SSO de adeudar salarios y aplicar descuentos a trabajadores"},"content":{"rendered":"\n<p>Yuridiana Sosa\/Zona Roja.<\/p>\n\n\n\n<p>Oaxaca de Ju\u00e1rez, Oax., 25 de enero de 2020.- Integrantes del Frente Nacional de Trabajadores de Salud en la Rep\u00fablica Mexicana (FNTSRM) se manifestaron a nivel estatal para denunciar que los Servicios de Salud de Oaxaca (SSO) ha recortado contratos, salarios y efectuado despidos a personal que se encuentra en la primera l\u00ednea de batalla frente al Covid-19.<\/p>\n\n\n\n<p>Los afectados protestaron primero frente a las instalaciones de la Defensor\u00eda de los Derechos Humanos del Pueblo de Oaxaca (DDHPO), en la capital del estado, para exhibir las presuntas violaciones a sus derechos laborales y humanos que la Secretar\u00eda de Salud y los SSO, ahora al frente de Juan Carlos M\u00e1rquez Heine, ha cometido contra al menos 300 trabajadores de salud.<\/p>\n\n\n\n<figure class=\"wp-block-embed-twitter wp-block-embed is-type-rich is-provider-twitter\"><div class=\"wp-block-embed__wrapper\">\n<div class=\"twitter-tweet\"><blockquote class=\"twitter-tweet\" data-lang=\"es\"><p lang=\"es\" dir=\"ltr\"><a href=\"https:\/\/twitter.com\/hashtag\/ENVIVO?src=hash&amp;ref_src=twsrc%5Etfw\">#ENVIVO<\/a> <br>Trabajadores de los Servicios de Salud de Oaxaca protestan en la Defensoria de Derechos Humanos por descuentos en salarios y falta de pago de quincena a otros. <br>Aqu\u00ed la transmisi\u00f3n:<br>\ud83d\udc47<a href=\"https:\/\/t.co\/OqocRla3Zu\">https:\/\/t.co\/OqocRla3Zu<\/a> <a href=\"https:\/\/t.co\/YJuL8EZ1w6\">pic.twitter.com\/YJuL8EZ1w6<\/a><\/p>&mdash; Zona Roja Oaxaca (@MexRoja) <a href=\"https:\/\/twitter.com\/MexRoja\/status\/1353734871315853313?ref_src=twsrc%5Etfw\">25 de enero de 2021<\/a><\/blockquote><\/div>\n<\/div><\/figure>\n\n\n\n<p>De acuerdo con uno de los representantes de la gremial, Sergio Mart\u00ednez, la dependencia de salud ha reducido el salario a sus afiliados en un 40 por ciento, con la justificaci\u00f3n que tambi\u00e9n se redujeron los ingresos para la dependencia estatal.<\/p>\n\n\n\n<p>El contrato para los trabajadores eventuales ahora s\u00f3lo es por un mes, adem\u00e1s que no cuentan con seguridad social pese a los riesgos que implica su labor en los hospitales donde se atienden pacientes Covid-19, apuntaron.<\/p>\n\n\n\n<p>Adem\u00e1s de esas irregularidades, el gobierno del estado tambi\u00e9n mantiene deuda del pago de la primera quincena de enero, y a 10 d\u00edas de la fecha de pago no reciben ninguna respuesta sobre sus salarios devengados.<\/p>\n\n\n\n<figure class=\"wp-block-embed-twitter wp-block-embed is-type-rich is-provider-twitter\"><div class=\"wp-block-embed__wrapper\">\n<div class=\"twitter-tweet\"><blockquote class=\"twitter-tweet\" data-lang=\"es\"><p lang=\"es\" dir=\"ltr\"><a href=\"https:\/\/twitter.com\/hashtag\/%C3%9AltimoMinuto?src=hash&amp;ref_src=twsrc%5Etfw\">#\u00daltimoMinuto<\/a> <br>Pese a ser personal en l\u00ednea de batalla,el Frente Nacional de Trabajadores de Salud en la Rep\u00fablica Mexicana denuncia que los <a href=\"https:\/\/twitter.com\/SSO_GobOax?ref_src=twsrc%5Etfw\">@SSO_GobOax<\/a> aplica descuentos salariales de hasta el 40% y en otros casos no paga sueldos; titular <a href=\"https:\/\/twitter.com\/JC_MarquezH?ref_src=twsrc%5Etfw\">@JC_MarquezH<\/a>,negligente y omiso, acusan. <a href=\"https:\/\/t.co\/YmqZgJi92y\">pic.twitter.com\/YmqZgJi92y<\/a><\/p>&mdash; Zona Roja Oaxaca (@MexRoja) <a href=\"https:\/\/twitter.com\/MexRoja\/status\/1353775581138182145?ref_src=twsrc%5Etfw\">25 de enero de 2021<\/a><\/blockquote><\/div>\n<\/div><\/figure>\n\n\n\n<p>Durante la protesta, el Frente Nacional bloque\u00f3 la calle frente a las oficinas de Derechos Humanos, a pocos metros de la carretera internacional 190, para ejercer presi\u00f3n a la soluci\u00f3n de sus demandas expuestas desde hace varios meses.<\/p>\n\n\n\n<p>En las regiones de la Sierra, Cuenca e Istmo tambi\u00e9n se registraron protestas por parte de este gremio con la toma de las oficinas de las jurisdicciones sanitarias.<\/p>\n","protected":false},"excerpt":{"rendered":"<p>Yuridiana Sosa\/Zona Roja. Oaxaca de Ju\u00e1rez, Oax., 25 de enero de 2020.- Integrantes del Frente&hellip;<\/p>\n","protected":false},"author":2,"featured_media":22810,"comment_status":"closed","ping_status":"open","sticky":false,"template":"","format":"standard","meta":{"_lmt_disableupdate":"","_lmt_disable":"","_jetpack_memberships_contains_paid_content":false,"footnotes":""},"categories":[109,47],"tags":[2399],"class_list":["post-22809","post","type-post","status-publish","format-standard","has-post-thumbnail","hentry","category-minuto-a-minuto","category-zona-gris","tag-frente-nacional-de-trabajadores-de-salud-de-la-republica-mexicana"],"jetpack_featured_media_url":"https:\/\/zonaroja.com.mx\/wp-content\/uploads\/2021\/01\/Protesta-frente-trabajadores-salud.jpg","jetpack_sharing_enabled":true,"_links":{"self":[{"href":"https:\/\/zonaroja.com.mx\/index.php?rest_route=\/wp\/v2\/posts\/22809","targetHints":{"allow":["GET"]}}],"collection":[{"href":"https:\/\/zonaroja.com.mx\/index.php?rest_route=\/wp\/v2\/posts"}],"about":[{"href":"https:\/\/zonaroja.com.mx\/index.php?rest_route=\/wp\/v2\/types\/post"}],"author":[{"embeddable":true,"href":"https:\/\/zonaroja.com.mx\/index.php?rest_route=\/wp\/v2\/users\/2"}],"replies":[{"embeddable":true,"href":"https:\/\/zonaroja.com.mx\/index.php?rest_route=%2Fwp%2Fv2%2Fcomments&post=22809"}],"version-history":[{"count":1,"href":"https:\/\/zonaroja.com.mx\/index.php?rest_route=\/wp\/v2\/posts\/22809\/revisions"}],"predecessor-version":[{"id":22811,"href":"https:\/\/zonaroja.com.mx\/index.php?rest_route=\/wp\/v2\/posts\/22809\/revisions\/22811"}],"wp:featuredmedia":[{"embeddable":true,"href":"https:\/\/zonaroja.com.mx\/index.php?rest_route=\/wp\/v2\/media\/22810"}],"wp:attachment":[{"href":"https:\/\/zonaroja.com.mx\/index.php?rest_route=%2Fwp%2Fv2%2Fmedia&parent=22809"}],"wp:term":[{"taxonomy":"category","embeddable":true,"href":"https:\/\/zonaroja.com.mx\/index.php?rest_route=%2Fwp%2Fv2%2Fcategories&post=22809"},{"taxonomy":"post_tag","embeddable":true,"href":"https:\/\/zonaroja.com.mx\/index.php?rest_route=%2Fwp%2Fv2%2Ftags&post=22809"}],"curies":[{"name":"wp","href":"https:\/\/api.w.org\/{rel}","templated":true}]}}