{"id":22812,"date":"2021-01-25T15:56:14","date_gmt":"2021-01-25T21:56:14","guid":{"rendered":"http:\/\/www.zonaroja.com.mx\/?p=22812"},"modified":"2021-01-25T15:56:20","modified_gmt":"2021-01-25T21:56:20","slug":"reiteran-que-gobierno-actuo-con-negligencia-en-tierra-blanca-y-que-protege-al-mult","status":"publish","type":"post","link":"https:\/\/zonaroja.com.mx\/?p=22812","title":{"rendered":"Reiteran que gobierno actu\u00f3 con negligencia en Tierra Blanca y que protege al MULT"},"content":{"rendered":"\n<p>Yuridiana Sosa\/Zona Roja.<\/p>\n\n\n\n<p>Oaxaca de Ju\u00e1rez, Oax., 25 de enero de 2021.- Mujeres ind\u00edgenas desplazadas y del Movimiento de Unificaci\u00f3n y Lucha Triqui Independiente (MULTI) recalcaron su defensa a las habitantes triquis de Tierra Blanca Copala, sin recibir dinero de por medio por sus manifestaciones, como lo se\u00f1al\u00f3 en desprestigio el Movimiento de Unificaci\u00f3n y Lucha Triqui (MULT).<\/p>\n\n\n\n<p>Luego que este fin de semana el gobierno estatal y la Guardia Nacional comprobaron las denuncias de la violencia homicida en la comunidad de Tierra Blanca Copala, de Santiago Juxtlahuca, donde se registr\u00f3 desplazamiento forzado, asesinatos y desapariciones entre otras violaciones a derechos humanos, las mujeres emitieron hoy un nuevo pronunciamiento.<\/p>\n\n\n\n<p>\u201cLo triste es la complicidad del Gobierno del Estado con el MULT, eso lo hemos recalcando, eso ya lo dijimos, lo hemos recalcado y lo volvemos a decir y lo vamos a seguir diciendo, nosotros denunciando injusticia, asesinatos, desapariciones, violaciones, ataque paramilitar, despojo a la poblaci\u00f3n de Tierra Blanca (Copala) y todos tach\u00e1ndonos de vividores, que no hab\u00eda nada\u201d.<\/p>\n\n\n\n<p>As\u00ed lo manifest\u00f3 la representante del grupo, Reyna Mart\u00ednez Flores, quien asegur\u00f3 no recibir dinero de ning\u00fan gobierno, mientras que el MULT se contradice en exigir paz en la zona triqui, pero rechaza la presencia de la Guardia Nacional.<\/p>\n\n\n\n<p>Las integrantes del MULTI exigieron justicia y castigo a los autores materiales e intelectuales de las acciones contra la comunidad de Tierra Blanca, donde desde el gobierno municipal de Santiago Juxtlahuaca, aseguran, proveen de armas de grueso calibre a los grupos paramilitares.<\/p>\n\n\n\n<figure class=\"wp-block-embed-twitter wp-block-embed is-type-rich is-provider-twitter\"><div class=\"wp-block-embed__wrapper\">\n<div class=\"twitter-tweet\"><blockquote class=\"twitter-tweet\" data-lang=\"es\"><p lang=\"es\" dir=\"ltr\"><a href=\"https:\/\/twitter.com\/hashtag\/ENVIVO?src=hash&amp;ref_src=twsrc%5Etfw\">#ENVIVO<\/a><br>Oaxaca de Ju\u00e1rez, Oax., 25 de enero de 2021.- Conferencia de prenda de desplazadas de la zona de Copala, Juxtlahuaca, y militantes de la organizaci\u00f3n MULTI.<br>Aqu\u00ed la transmisi\u00f3n:<br>\ud83d\udc47<a href=\"https:\/\/t.co\/05O4oQeLVO\">https:\/\/t.co\/05O4oQeLVO<\/a> <a href=\"https:\/\/t.co\/5Uhd7X7h8j\">pic.twitter.com\/5Uhd7X7h8j<\/a><\/p>&mdash; Zona Roja Oaxaca (@MexRoja) <a href=\"https:\/\/twitter.com\/MexRoja\/status\/1353761514856083458?ref_src=twsrc%5Etfw\">25 de enero de 2021<\/a><\/blockquote><\/div>\n<\/div><\/figure>\n\n\n\n<p>Adem\u00e1s, castigo a los funcionarios del gobierno estatal y federal que por omisi\u00f3n y complicidad dejaron que la violencia alcanzara a esta comunidad.<\/p>\n\n\n\n<p>CORROBORA FRIDA<\/p>\n\n\n\n<p>Durante la conferencia de prensa, la activista y defensora de derechos humanos, Frida Guerrera, exhibi\u00f3 que en su vista a la zona de violencia constat\u00f3 el desplazamiento de m\u00e1s de 500 personas, la mayor\u00eda mujeres.<\/p>\n\n\n\n<p>Se\u00f1al\u00f3 y conden\u00f3 la indiferencia del gobierno ante los hechos denunciados, as\u00ed como una intervenci\u00f3n ineficaz, donde el DIF Estatal entreg\u00f3 despensas cuando las familias no cuentan con espacios para cocinar.<\/p>\n\n\n\n<p>As\u00ed como simulaci\u00f3n de revisiones m\u00e9dicas, otorgando paracetamol a punto de caducar a todas las mujeres incluso a las de periodo de lactancia, sin ofrecer ayuda psicol\u00f3gica, ni hidrataci\u00f3n y alimento a pesar que las familias sufrieron de hasta cinco d\u00edas sin alimento debido a su aislamiento por la violencia.<\/p>\n","protected":false},"excerpt":{"rendered":"<p>Yuridiana Sosa\/Zona Roja. Oaxaca de Ju\u00e1rez, Oax., 25 de enero de 2021.- Mujeres ind\u00edgenas desplazadas&hellip;<\/p>\n","protected":false},"author":2,"featured_media":22813,"comment_status":"closed","ping_status":"open","sticky":false,"template":"","format":"standard","meta":{"_lmt_disableupdate":"","_lmt_disable":"","_jetpack_memberships_contains_paid_content":false,"footnotes":""},"categories":[109,47],"tags":[1712],"class_list":["post-22812","post","type-post","status-publish","format-standard","has-post-thumbnail","hentry","category-minuto-a-minuto","category-zona-gris","tag-tierra-blanca-copala"],"jetpack_featured_media_url":"https:\/\/zonaroja.com.mx\/wp-content\/uploads\/2021\/01\/Conferencia-MULTI-Reyna.jpg","jetpack_sharing_enabled":true,"_links":{"self":[{"href":"https:\/\/zonaroja.com.mx\/index.php?rest_route=\/wp\/v2\/posts\/22812","targetHints":{"allow":["GET"]}}],"collection":[{"href":"https:\/\/zonaroja.com.mx\/index.php?rest_route=\/wp\/v2\/posts"}],"about":[{"href":"https:\/\/zonaroja.com.mx\/index.php?rest_route=\/wp\/v2\/types\/post"}],"author":[{"embeddable":true,"href":"https:\/\/zonaroja.com.mx\/index.php?rest_route=\/wp\/v2\/users\/2"}],"replies":[{"embeddable":true,"href":"https:\/\/zonaroja.com.mx\/index.php?rest_route=%2Fwp%2Fv2%2Fcomments&post=22812"}],"version-history":[{"count":1,"href":"https:\/\/zonaroja.com.mx\/index.php?rest_route=\/wp\/v2\/posts\/22812\/revisions"}],"predecessor-version":[{"id":22814,"href":"https:\/\/zonaroja.com.mx\/index.php?rest_route=\/wp\/v2\/posts\/22812\/revisions\/22814"}],"wp:featuredmedia":[{"embeddable":true,"href":"https:\/\/zonaroja.com.mx\/index.php?rest_route=\/wp\/v2\/media\/22813"}],"wp:attachment":[{"href":"https:\/\/zonaroja.com.mx\/index.php?rest_route=%2Fwp%2Fv2%2Fmedia&parent=22812"}],"wp:term":[{"taxonomy":"category","embeddable":true,"href":"https:\/\/zonaroja.com.mx\/index.php?rest_route=%2Fwp%2Fv2%2Fcategories&post=22812"},{"taxonomy":"post_tag","embeddable":true,"href":"https:\/\/zonaroja.com.mx\/index.php?rest_route=%2Fwp%2Fv2%2Ftags&post=22812"}],"curies":[{"name":"wp","href":"https:\/\/api.w.org\/{rel}","templated":true}]}}