{"id":22818,"date":"2021-01-25T20:25:57","date_gmt":"2021-01-26T02:25:57","guid":{"rendered":"http:\/\/www.zonaroja.com.mx\/?p=22818"},"modified":"2021-01-25T20:26:01","modified_gmt":"2021-01-26T02:26:01","slug":"organismos-civiles-y-ddhpo-condenan-asesinato-de-defensor-comunitario","status":"publish","type":"post","link":"https:\/\/zonaroja.com.mx\/?p=22818","title":{"rendered":"Organismos civiles y DDHPO condenan asesinato de defensor comunitario"},"content":{"rendered":"\n<p>Yuridiana Sosa\/Zona Roja.<\/p>\n\n\n\n<p>Oaxaca de Ju\u00e1rez, Oax., 25 de enero de 2021.- Organizaciones civiles condenaron y exigieron justicia por el homicidio de Fidel Heras Cruz, defensor comunitario y opositor a la construcci\u00f3n de la presa hidroel\u00e9ctrica \u201cPaso de la Reyna\u201d, en Santiago Jamiltepec, en la regi\u00f3n Costa de Oaxaca.<\/p>\n\n\n\n<p>El activista, presidente del Comisariado Ejidal de Paso de la Reyna y miembro del Consejo de Pueblos Unidos por la Defensa del R\u00edo Verde (Copudever), fue ultimado el pasado 23 de enero en la comunidad de La Esperanza, de Jamiltepec; hecho que se registr\u00f3 a dos d\u00edas de haber recibido un mensaje \u201can\u00f3nimo\u201d con amenaza de muerte.<\/p>\n\n\n\n<p>Los organismos civiles exigieron justicia, una investigaci\u00f3n pronta y exhaustiva con prioridad en las l\u00edneas de investigaci\u00f3n sobre su labor de defensa, as\u00ed tambi\u00e9n demandaron garantizar la vida e integridad de las autoridades ejidales, municipales y defensores del \u201cPaso de la Reyna\u201d.<\/p>\n\n\n\n<p>La exigencia fue firmada por la Coordinaci\u00f3n para la Libertad de Personas Defensoras Criminalizadas en Oaxaca, Comit\u00e9 de Defensa de los Derechos Ind\u00edgenas (Codedi), Comit\u00e9 de Familiares, Amigas y Amigos de Dami\u00e1n Gallardo Mart\u00ednez, Corriente del Pueblo \u201cSol Rojo\u201d, Servicios para una Educaci\u00f3n Alternativa (Educa), Uni\u00f3n C\u00edvica Democr\u00e1tica de Barrios, Colonias y Comunidades (Ucidebacc), Voces Oaxaque\u00f1as Construyendo Autonom\u00eda y Libertad (Vocal), as\u00ed como Consorcio para el Di\u00e1logo Parlamentario y la Equidad Oaxaca.<\/p>\n\n\n\n<p>Consorcio Oaxaca revel\u00f3 que el asesinato del activista se registra en medio de un conflicto surgido en el 2019 relacionado con la extracci\u00f3n de material p\u00e9treo del r\u00edo \u201cVerde\u201d por parte de la presidenta municipal Celia Rivas M\u00e1rquez y la familia Iglesias.<\/p>\n\n\n\n<p>La base de registro de Consorcio Oaxaca contabiliza 25 homicidios contra personas defensoras de derechos humanos durante el sexenio de Alejandro Murat, de los cuales, seis ocurrieron en 2017, nueve en 2018; seis en 2019; tres&nbsp; en 2020 y el caso de Fidel Heras abre la lista en el 202.<\/p>\n\n\n\n<p>CONDENA DDHPO<\/p>\n\n\n\n<p>Por su parte, la Defensor\u00eda de los Derechos Humanos del Pueblo de Oaxaca tambi\u00e9n conden\u00f3 el crimen, por el que inici\u00f3 el expediente DDHPO\/CA\/022\/(09)\/OAX\/2021, y pidi\u00f3 a la Fiscal\u00eda General de Justicia del Estado (FGJE) dictar las medidas de protecci\u00f3n necesarias a las personas que resulten v\u00edctimas directas e indirectas, para garantizar su integridad.<\/p>\n\n\n\n<p>Solicit\u00f3 a la Secretar\u00eda de Seguridad P\u00fablica la implementaci\u00f3n de rondines de vigilancia en el tramo correspondiente de la agencia municipal Paso de la Reyna a la cabecera de Santiago Jamiltepec, as\u00ed como al paraje la Esperanza, donde ocurri\u00f3 el ataque.<\/p>\n\n\n\n<p>Entre los a\u00f1os 2015 y 2020 la DDHPO ha iniciado 232 indagatorias relacionadas con violaciones a derechos humanos, cometidas contra personas defensoras de derechos humanos, inform\u00f3.<\/p>\n","protected":false},"excerpt":{"rendered":"<p>Yuridiana Sosa\/Zona Roja. Oaxaca de Ju\u00e1rez, Oax., 25 de enero de 2021.- Organizaciones civiles condenaron&hellip;<\/p>\n","protected":false},"author":2,"featured_media":22792,"comment_status":"closed","ping_status":"open","sticky":false,"template":"","format":"standard","meta":{"_lmt_disableupdate":"","_lmt_disable":"","_jetpack_memberships_contains_paid_content":false,"footnotes":""},"categories":[109,47],"tags":[2398],"class_list":["post-22818","post","type-post","status-publish","format-standard","has-post-thumbnail","hentry","category-minuto-a-minuto","category-zona-gris","tag-fidel-heras-cruz"],"jetpack_featured_media_url":"https:\/\/zonaroja.com.mx\/wp-content\/uploads\/2021\/01\/Activista-asesinado-Paso-de-la-Reyna.jpg","jetpack_sharing_enabled":true,"_links":{"self":[{"href":"https:\/\/zonaroja.com.mx\/index.php?rest_route=\/wp\/v2\/posts\/22818","targetHints":{"allow":["GET"]}}],"collection":[{"href":"https:\/\/zonaroja.com.mx\/index.php?rest_route=\/wp\/v2\/posts"}],"about":[{"href":"https:\/\/zonaroja.com.mx\/index.php?rest_route=\/wp\/v2\/types\/post"}],"author":[{"embeddable":true,"href":"https:\/\/zonaroja.com.mx\/index.php?rest_route=\/wp\/v2\/users\/2"}],"replies":[{"embeddable":true,"href":"https:\/\/zonaroja.com.mx\/index.php?rest_route=%2Fwp%2Fv2%2Fcomments&post=22818"}],"version-history":[{"count":1,"href":"https:\/\/zonaroja.com.mx\/index.php?rest_route=\/wp\/v2\/posts\/22818\/revisions"}],"predecessor-version":[{"id":22819,"href":"https:\/\/zonaroja.com.mx\/index.php?rest_route=\/wp\/v2\/posts\/22818\/revisions\/22819"}],"wp:featuredmedia":[{"embeddable":true,"href":"https:\/\/zonaroja.com.mx\/index.php?rest_route=\/wp\/v2\/media\/22792"}],"wp:attachment":[{"href":"https:\/\/zonaroja.com.mx\/index.php?rest_route=%2Fwp%2Fv2%2Fmedia&parent=22818"}],"wp:term":[{"taxonomy":"category","embeddable":true,"href":"https:\/\/zonaroja.com.mx\/index.php?rest_route=%2Fwp%2Fv2%2Fcategories&post=22818"},{"taxonomy":"post_tag","embeddable":true,"href":"https:\/\/zonaroja.com.mx\/index.php?rest_route=%2Fwp%2Fv2%2Ftags&post=22818"}],"curies":[{"name":"wp","href":"https:\/\/api.w.org\/{rel}","templated":true}]}}