{"id":22820,"date":"2021-01-25T20:55:38","date_gmt":"2021-01-26T02:55:38","guid":{"rendered":"http:\/\/www.zonaroja.com.mx\/?p=22820"},"modified":"2021-01-25T20:55:41","modified_gmt":"2021-01-26T02:55:41","slug":"indefinida-aun-candidatura-comun-en-oaxaca-de-juarez","status":"publish","type":"post","link":"https:\/\/zonaroja.com.mx\/?p=22820","title":{"rendered":"Indefinida a\u00fan, candidatura com\u00fan en Oaxaca de Ju\u00e1rez"},"content":{"rendered":"\n<p>Redacci\u00f3n\/Zona Roja.<\/p>\n\n\n\n<p>Oaxaca de Ju\u00e1rez, Oax., 25 de enero de 2021.- A pesar de que los dirigentes nacionales de los tres partidos pol\u00edticos ya lo avalaron, en Oaxaca a\u00fan hay resistencias para impulsar una candidatura com\u00fan en la alcald\u00eda de Oaxaca de Ju\u00e1rez, por parte del PRD, PAN y PRI.<\/p>\n\n\n\n<p>En tanto, este lunes se difundieron diversos sondeos, en que dan amplia ventaja al Partido Morena en la intenci\u00f3n de voto, instituto pol\u00edtico que va solo en la contienda, tanto en ayuntamientos como en diputaciones.<\/p>\n\n\n\n<p>Fuentes del Partido Acci\u00f3n Nacional en la capital revelaron que la dirigencia municipal a\u00fan no tiene indicaciones precisas de una alianza o candidatura com\u00fan para la primera concejal\u00eda.<\/p>\n\n\n\n<p>Como lo hicieron la semana pasada, reiteraron que tienen al menos tres candidatas, entre ellas Alejandra Garc\u00eca Morlan, actual diputada federal, y aceptar\u00edan impulsar un acuerdo con los dem\u00e1s partidos, s\u00f3lo si al PAN corresponde la primera concejal\u00eda.<\/p>\n\n\n\n<p>El PRD, al ser la fuerza minoritaria de los tres, no ha puesto objeci\u00f3n en apoyar el acuerdo y actualmente no cuenta con candidato a la presidencia municipal.<\/p>\n\n\n\n<p>Por otra parte, de acuerdo con diversas encuestas que se han dado a conocer, en v\u00edsperas de la elecci\u00f3n de candidatos, el Partido Morena arrasar\u00eda en Oaxaca de Ju\u00e1rez, a pesar de los resultados desastrosos del presidente Oswaldo Garc\u00eda Jarqu\u00edn.<\/p>\n\n\n\n<p>De acuerdo con fuentes del PRI, esta semana a nivel nacional se decidi\u00f3 ir en candidatura com\u00fan entre PRI, PAN y PRD para la capital, a pesar de la oposici\u00f3n de las dirigencias estatales.<\/p>\n\n\n\n<p>En este caso, la fuente agreg\u00f3 que podr\u00eda ser Samuel Gurri\u00f3n Mat\u00edas o Mirna L\u00f3pez Torres los postulados, pues ambos compitieron en las elecciones pasadas y estuvieron a punto de ganar la elecci\u00f3n local anterior.<\/p>\n\n\n\n<p>De acuerdo con la encuesta que difundi\u00f3 recientemente la empresa nacional TResearch, en la capital, Morena cuenta con 37.8 por ciento de intenci\u00f3n del voto mientras que Acci\u00f3n Nacional est\u00e1 en la segunda posici\u00f3n con un 13.5 por ciento; el Revolucionario Institucional con 6.8 por ciento y Partido del Trabajo con 4.2 por ciento.<\/p>\n","protected":false},"excerpt":{"rendered":"<p>Redacci\u00f3n\/Zona Roja. Oaxaca de Ju\u00e1rez, Oax., 25 de enero de 2021.- A pesar de que&hellip;<\/p>\n","protected":false},"author":2,"featured_media":21576,"comment_status":"closed","ping_status":"open","sticky":false,"template":"","format":"standard","meta":{"_lmt_disableupdate":"","_lmt_disable":"","_jetpack_memberships_contains_paid_content":false,"footnotes":""},"categories":[109,47],"tags":[148],"class_list":["post-22820","post","type-post","status-publish","format-standard","has-post-thumbnail","hentry","category-minuto-a-minuto","category-zona-gris","tag-oaxaca-de-juarez"],"jetpack_featured_media_url":"https:\/\/zonaroja.com.mx\/wp-content\/uploads\/2020\/12\/Alianza-Va-por-Mexico.jpg","jetpack_sharing_enabled":true,"_links":{"self":[{"href":"https:\/\/zonaroja.com.mx\/index.php?rest_route=\/wp\/v2\/posts\/22820","targetHints":{"allow":["GET"]}}],"collection":[{"href":"https:\/\/zonaroja.com.mx\/index.php?rest_route=\/wp\/v2\/posts"}],"about":[{"href":"https:\/\/zonaroja.com.mx\/index.php?rest_route=\/wp\/v2\/types\/post"}],"author":[{"embeddable":true,"href":"https:\/\/zonaroja.com.mx\/index.php?rest_route=\/wp\/v2\/users\/2"}],"replies":[{"embeddable":true,"href":"https:\/\/zonaroja.com.mx\/index.php?rest_route=%2Fwp%2Fv2%2Fcomments&post=22820"}],"version-history":[{"count":1,"href":"https:\/\/zonaroja.com.mx\/index.php?rest_route=\/wp\/v2\/posts\/22820\/revisions"}],"predecessor-version":[{"id":22821,"href":"https:\/\/zonaroja.com.mx\/index.php?rest_route=\/wp\/v2\/posts\/22820\/revisions\/22821"}],"wp:featuredmedia":[{"embeddable":true,"href":"https:\/\/zonaroja.com.mx\/index.php?rest_route=\/wp\/v2\/media\/21576"}],"wp:attachment":[{"href":"https:\/\/zonaroja.com.mx\/index.php?rest_route=%2Fwp%2Fv2%2Fmedia&parent=22820"}],"wp:term":[{"taxonomy":"category","embeddable":true,"href":"https:\/\/zonaroja.com.mx\/index.php?rest_route=%2Fwp%2Fv2%2Fcategories&post=22820"},{"taxonomy":"post_tag","embeddable":true,"href":"https:\/\/zonaroja.com.mx\/index.php?rest_route=%2Fwp%2Fv2%2Ftags&post=22820"}],"curies":[{"name":"wp","href":"https:\/\/api.w.org\/{rel}","templated":true}]}}