{"id":22822,"date":"2021-01-25T21:32:10","date_gmt":"2021-01-26T03:32:10","guid":{"rendered":"http:\/\/www.zonaroja.com.mx\/?p=22822"},"modified":"2021-01-25T21:32:13","modified_gmt":"2021-01-26T03:32:13","slug":"conmueve-rencuentro-de-madre-e-hijo-desaparecido-en-la-costa","status":"publish","type":"post","link":"https:\/\/zonaroja.com.mx\/?p=22822","title":{"rendered":"Conmueve rencuentro de madre e hijo desaparecido en la Costa"},"content":{"rendered":"\n<p>Evlin Arag\u00f3n\/Zona Roja. Foto: \u201cEl Sol de la Costa\u201d<\/p>\n\n\n\n<p>Oaxaca de Ju\u00e1rez, Oax., 25 de enero de 2021.- Los rostros de una mujer visiblemente angustiada y desesperada, as\u00ed como el de su hijo cansado y con miedo, se han viralizado en las redes sociales, particularmente en la Costa oaxaque\u00f1a.<\/p>\n\n\n\n<p>En la fotograf\u00eda, difundida por el \u00abSol de la Costa\u00bb, se logra ver a la madre del menor, ataviada en una blusa de color morado y con un cubrebocas negro, a punto del llanto y con la intenci\u00f3n de abrazar nuevamente a su hijo, recientemente localizado.&nbsp;<\/p>\n\n\n\n<p>Ambos visiblemente aliviados por su encuentro luego de momentos de angustia al no saber de su paradero.<\/p>\n\n\n\n<p>\u201cDoy las gracias que ya lo trajeron. Est\u00e1 bien. Gracias doy a Dios y a la persona que se encontr\u00f3 a mi hijo y ahorita est\u00e1 conmigo\u201d, dijo la madre aliviada.&nbsp;<\/p>\n\n\n\n<p>Horas antes del reencuentro, la familia vivi\u00f3 momentos de angustia y temor luego de que Modesto, de tan solo 13 a\u00f1os de edad, sali\u00f3 de su domicilio ubicado en Arroyo Chahu\u00e9, de la localidad de Santa Cruz Huatulco, para salir a pescar junto con un t\u00edo pol\u00edtico y ya no volvi\u00f3, por lo que iniciaron la b\u00fasqueda.&nbsp;&nbsp;<\/p>\n\n\n\n<p>Acudieron a las autoridades municipales para hacer el reporte y a los medios locales de informaci\u00f3n, quienes se dieron a la tarea de invitar a la poblaci\u00f3n a unirse en la b\u00fasqueda del menor, que no era la primera vez que sal\u00eda a pescar, pero en esta ocasi\u00f3n no volvi\u00f3.<\/p>\n\n\n\n<p>Fue un automovilista quien encontr\u00f3 al joven desmayado en la calle, frente a la Universidad del Mar, y lo traslad\u00f3 con sus familiares quienes ya realizaban recorridos para dar con su paradero.<\/p>\n\n\n\n<p>De acuerdo con el testimonio de la familia, Modesto sali\u00f3 con rumbo al r\u00edo \u201cMagdalena\u201d para la pesca, no era la primera vez que lo hac\u00eda, sin embargo, fue abandonado por su t\u00edo pol\u00edtico a la altura de Todos Santos Huatulco, desde donde Modesto camin\u00f3 a la Universidad, lugar en donde se desvaneci\u00f3 debido al cansancio.<\/p>\n\n\n\n<p>Previ\u00f3 a ella la familia nunca perdi\u00f3 la fe en Dios, a quien se encomendaron para dar con el paradero del menor, desaparecido el fin de semana pasado.<\/p>\n\n\n\n<p>\u201cComo le dije a mi sobrina: no te desesperes lo vamos a encontrar, de todas maneras lo tenemos que encontrar vivo. Tu hijo no va a pasar nada, tenemos que encontrarlo vivo. Tengamos fe en Dios que no le va a pasar nada y gracias a Dios el ni\u00f1o est\u00e1 aqu\u00ed con su mam\u00e1 y toda su familia\u201d, dijo la t\u00eda del menor.<\/p>\n\n\n\n<p>Pese a las horas de angustia, la familia agradeci\u00f3 el apoyo de la ciudadan\u00eda y de la polic\u00eda municipal que acompa\u00f1\u00f3 a las mujeres en la b\u00fasqueda de Modesto que hoy ya se encuentra al lado de sus seres queridos.&nbsp;<\/p>\n","protected":false},"excerpt":{"rendered":"<p>Evlin Arag\u00f3n\/Zona Roja. Foto: \u201cEl Sol de la Costa\u201d Oaxaca de Ju\u00e1rez, Oax., 25 de&hellip;<\/p>\n","protected":false},"author":2,"featured_media":22823,"comment_status":"closed","ping_status":"open","sticky":false,"template":"","format":"standard","meta":{"_lmt_disableupdate":"","_lmt_disable":"","_jetpack_memberships_contains_paid_content":false,"footnotes":""},"categories":[109,46],"tags":[270],"class_list":["post-22822","post","type-post","status-publish","format-standard","has-post-thumbnail","hentry","category-minuto-a-minuto","category-zona-blanca","tag-la-crucecita-santa-cruz-huatulco"],"jetpack_featured_media_url":"https:\/\/zonaroja.com.mx\/wp-content\/uploads\/2021\/01\/Menor-desaparecido-Huatulco.jpg","jetpack_sharing_enabled":true,"_links":{"self":[{"href":"https:\/\/zonaroja.com.mx\/index.php?rest_route=\/wp\/v2\/posts\/22822","targetHints":{"allow":["GET"]}}],"collection":[{"href":"https:\/\/zonaroja.com.mx\/index.php?rest_route=\/wp\/v2\/posts"}],"about":[{"href":"https:\/\/zonaroja.com.mx\/index.php?rest_route=\/wp\/v2\/types\/post"}],"author":[{"embeddable":true,"href":"https:\/\/zonaroja.com.mx\/index.php?rest_route=\/wp\/v2\/users\/2"}],"replies":[{"embeddable":true,"href":"https:\/\/zonaroja.com.mx\/index.php?rest_route=%2Fwp%2Fv2%2Fcomments&post=22822"}],"version-history":[{"count":1,"href":"https:\/\/zonaroja.com.mx\/index.php?rest_route=\/wp\/v2\/posts\/22822\/revisions"}],"predecessor-version":[{"id":22824,"href":"https:\/\/zonaroja.com.mx\/index.php?rest_route=\/wp\/v2\/posts\/22822\/revisions\/22824"}],"wp:featuredmedia":[{"embeddable":true,"href":"https:\/\/zonaroja.com.mx\/index.php?rest_route=\/wp\/v2\/media\/22823"}],"wp:attachment":[{"href":"https:\/\/zonaroja.com.mx\/index.php?rest_route=%2Fwp%2Fv2%2Fmedia&parent=22822"}],"wp:term":[{"taxonomy":"category","embeddable":true,"href":"https:\/\/zonaroja.com.mx\/index.php?rest_route=%2Fwp%2Fv2%2Fcategories&post=22822"},{"taxonomy":"post_tag","embeddable":true,"href":"https:\/\/zonaroja.com.mx\/index.php?rest_route=%2Fwp%2Fv2%2Ftags&post=22822"}],"curies":[{"name":"wp","href":"https:\/\/api.w.org\/{rel}","templated":true}]}}