{"id":22832,"date":"2021-01-26T07:37:27","date_gmt":"2021-01-26T13:37:27","guid":{"rendered":"http:\/\/www.zonaroja.com.mx\/?p=22832"},"modified":"2021-01-26T07:37:32","modified_gmt":"2021-01-26T13:37:32","slug":"termina-en-tragedia-desorden-y-nulo-mando-en-la-aei-de-la-fiscalia","status":"publish","type":"post","link":"https:\/\/zonaroja.com.mx\/?p=22832","title":{"rendered":"Termina en tragedia desorden y nulo mando en la AEI de la Fiscal\u00eda"},"content":{"rendered":"\n<p>Redacci\u00f3n\/Zona Roja.<\/p>\n\n\n\n<p>Oaxaca de Ju\u00e1rez, Oax., 26 de enero de 2021.- En tragedia culmin\u00f3 el desorden y relajo que prevalece en la Agencia Estatal de Investigaciones (AEI), dependiente de la Fiscal\u00eda General del Estado de Oaxaca.<\/p>\n\n\n\n<p>En las instalaciones de dicha corporaci\u00f3n, ubicada en la agencia de La Experimental, municipio de San Antonio de la Cal, se han suscitado m\u00faltiples hechos que revelan la crisis y falta de mando en la instituci\u00f3n de procuraci\u00f3n de justicia.<\/p>\n\n\n\n<p>En el exterior, se han robado unidades de motor, una de ellas a finales del a\u00f1o pasado, sin que se percaten de ello los agentes; se han batido a golpes entre elementos, por supuestos l\u00edos pasionales; se han perdido armas de fuego.<\/p>\n\n\n\n<p>Adem\u00e1s, San Antonio de la Cal se ha convertido en probable sede de operaciones del crimen organizado y del narcomenudeo, y en menos de dos meses han ejecutado a cuatro personas.<\/p>\n\n\n\n<p>El m\u00e1s reciente hecho tr\u00e1gico culmin\u00f3 ayer con la muerte del comandante Medardo Ramos Rojas, quien fue herido de bala el pasado 15 de enero en las instalaciones de la AEI, presuntamente agredido por su compa\u00f1ero Ra\u00fal N., quien se encuentra pr\u00f3fugo de la justicia.<\/p>\n\n\n\n<p>La agresi\u00f3n armada ocurri\u00f3 hasta ahora por motivos desconocidos, por lo cual el herido en el abdomen fue llevado al hospital del IMSS en la capital del estado; sin embargo, ayer perdi\u00f3 la vida.<\/p>\n\n\n\n<p>Hasta ahora la Fiscal\u00eda General del Estado de Oaxaca no ha dado una versi\u00f3n de los hechos y s\u00f3lo a trav\u00e9s de mensajes por Whatsapp inform\u00f3 a algunos de manera extraoficial que el agente muri\u00f3 por Covid y no por el balazo.<\/p>\n","protected":false},"excerpt":{"rendered":"<p>Redacci\u00f3n\/Zona Roja. Oaxaca de Ju\u00e1rez, Oax., 26 de enero de 2021.- En tragedia culmin\u00f3 el&hellip;<\/p>\n","protected":false},"author":2,"featured_media":22833,"comment_status":"closed","ping_status":"open","sticky":false,"template":"","format":"standard","meta":{"_lmt_disableupdate":"","_lmt_disable":"","_jetpack_memberships_contains_paid_content":false,"footnotes":""},"categories":[109,51],"tags":[1709],"class_list":["post-22832","post","type-post","status-publish","format-standard","has-post-thumbnail","hentry","category-minuto-a-minuto","category-zona-roja","tag-agencia-estatal-de-investigaciones-aei"],"jetpack_featured_media_url":"https:\/\/zonaroja.com.mx\/wp-content\/uploads\/2021\/01\/Medardo-Ramos-Rojas.jpg","jetpack_sharing_enabled":true,"_links":{"self":[{"href":"https:\/\/zonaroja.com.mx\/index.php?rest_route=\/wp\/v2\/posts\/22832","targetHints":{"allow":["GET"]}}],"collection":[{"href":"https:\/\/zonaroja.com.mx\/index.php?rest_route=\/wp\/v2\/posts"}],"about":[{"href":"https:\/\/zonaroja.com.mx\/index.php?rest_route=\/wp\/v2\/types\/post"}],"author":[{"embeddable":true,"href":"https:\/\/zonaroja.com.mx\/index.php?rest_route=\/wp\/v2\/users\/2"}],"replies":[{"embeddable":true,"href":"https:\/\/zonaroja.com.mx\/index.php?rest_route=%2Fwp%2Fv2%2Fcomments&post=22832"}],"version-history":[{"count":1,"href":"https:\/\/zonaroja.com.mx\/index.php?rest_route=\/wp\/v2\/posts\/22832\/revisions"}],"predecessor-version":[{"id":22834,"href":"https:\/\/zonaroja.com.mx\/index.php?rest_route=\/wp\/v2\/posts\/22832\/revisions\/22834"}],"wp:featuredmedia":[{"embeddable":true,"href":"https:\/\/zonaroja.com.mx\/index.php?rest_route=\/wp\/v2\/media\/22833"}],"wp:attachment":[{"href":"https:\/\/zonaroja.com.mx\/index.php?rest_route=%2Fwp%2Fv2%2Fmedia&parent=22832"}],"wp:term":[{"taxonomy":"category","embeddable":true,"href":"https:\/\/zonaroja.com.mx\/index.php?rest_route=%2Fwp%2Fv2%2Fcategories&post=22832"},{"taxonomy":"post_tag","embeddable":true,"href":"https:\/\/zonaroja.com.mx\/index.php?rest_route=%2Fwp%2Fv2%2Ftags&post=22832"}],"curies":[{"name":"wp","href":"https:\/\/api.w.org\/{rel}","templated":true}]}}