{"id":22839,"date":"2021-01-26T08:15:23","date_gmt":"2021-01-26T14:15:23","guid":{"rendered":"http:\/\/www.zonaroja.com.mx\/?p=22839"},"modified":"2021-01-26T08:15:27","modified_gmt":"2021-01-26T14:15:27","slug":"cronicas-de-la-nada-historias-desde-la-cotidianidad-de-un-periodista-regio","status":"publish","type":"post","link":"https:\/\/zonaroja.com.mx\/?p=22839","title":{"rendered":"\u201cCr\u00f3nicas de la Nada\u201d, historias desde la cotidianidad de un periodista regio"},"content":{"rendered":"\n<p>Evlin Arag\u00f3n\/Zona Roja.<\/p>\n\n\n\n<p>Oaxaca de Ju\u00e1rez, Oax., 26 de enero de 2021.- \u201cSi le pones un poquito de coraz\u00f3n, algo de lo que escribes, puede provocar un cambio en algunas personas. Eso te anima a escribir y a seguir contando las historias de otros\u201d.<\/p>\n\n\n\n<p>As\u00ed lo refiri\u00f3 Francisco Z\u00fa\u00f1iga en la presentaci\u00f3n de su libro \u201cCr\u00f3nicas de la Nada. Andanzas por la vida\u201d, que se llev\u00f3 a cabo de manera virtual, con el respaldo de la Benem\u00e9rita Universidad de Oaxaca y la Asociaci\u00f3n de Periodistas de Oaxaca (APO).<\/p>\n\n\n\n<p>Girones de vida, recuerdos, vivencias, experiencias e incluso historias que le han contado en alg\u00fan momento de su vida, est\u00e1n incluidos en el libro. Todas haciendo uso de la cr\u00f3nica como g\u00e9nero period\u00edstico.&nbsp;<\/p>\n\n\n\n<p>Desde hace 13 a\u00f1os, se le ocurri\u00f3 el nombre con el objetivo de titular as\u00ed una columna en un espacio informativo, sin embargo, el mismo lo llevo a explorar el mundo literario de la escritura, que ha podido complementar muy buen con el oficio period\u00edstico.<\/p>\n\n\n\n<p>\u201cEl oficio del periodista es el que finalmente nos saca, nos hace crear las historias, acabar las historias, ir hilando las frases, ir bordando las ideas para crear frases que luego se vuelven buenas historias\u201d, dijo en la transmisi\u00f3n que se llev\u00f3 a cabo para la presentaci\u00f3n de su libro.&nbsp;&nbsp;<\/p>\n\n\n\n<p>Y es que m\u00e1s que inspiraci\u00f3n para la escritura de sus cr\u00f3nicas, Francisco Z\u00fa\u00f1iga destaca el oficio period\u00edstico como el principal motor para consolidar sus textos. Es \u00e9ste el que le ha permitido tener una perspectiva diferente de la vida, y el que sin duda le ayudo a consolidar la idea del texto.&nbsp;&nbsp;<\/p>\n\n\n\n<p>Para el autor, el tiempo siempre es un personaje al interior de las cr\u00f3nicas, adem\u00e1s de las personas que se encuentra en medio de la cotidianidad a quienes, a partir de un breve encuentro, les dedica un texto en este libro en el que mezcla la realidad con la fantas\u00eda.&nbsp;&nbsp;<\/p>\n\n\n\n<p>El comunicador oaxaque\u00f1o Francisco J. S\u00e1nchez, celebr\u00f3 que periodistas de renombre publiquen libros, tal y como lo hicieron grandes referentes, lo anterior abona en el imaginario que se tiene del oficio, que muchas veces se denosta.<\/p>\n\n\n\n<p>De igual forma refiri\u00f3 que en la actualidad al gremio period\u00edstico se le est\u00e1 exigiendo mayor claridad y veracidad, de ah\u00ed que la publicaci\u00f3n de libros realizada por profesionales del oficio, le regresa la credibilidad al mismo. &nbsp;<\/p>\n\n\n\n<p>Mientras que Antonio Sumano, integrante de la dirigencia de la APO, aplaudi\u00f3 que se retome uno de los g\u00e9neros period\u00edsticos m\u00e1s enriquecedores y poco explorado como lo es la cr\u00f3nica.<\/p>\n\n\n\n<p>Adem\u00e1s, que destac\u00f3 la presentaci\u00f3n del libro como parte del hermanamiento entre el gremio oaxaque\u00f1o y regio.&nbsp;<\/p>\n\n\n\n<p>\u201cLa mayor\u00eda de los j\u00f3venes se van a la nota informativa, pero hay que rescatar los g\u00e9neros period\u00edsticos del ba\u00fal de los recuerdos. Creo, sin lugar a dudas que es uno de los grandes logros de este libro\u201d, dijo.&nbsp;&nbsp;<\/p>\n","protected":false},"excerpt":{"rendered":"<p>Evlin Arag\u00f3n\/Zona Roja. Oaxaca de Ju\u00e1rez, Oax., 26 de enero de 2021.- \u201cSi le pones&hellip;<\/p>\n","protected":false},"author":2,"featured_media":22840,"comment_status":"closed","ping_status":"open","sticky":false,"template":"","format":"standard","meta":{"_lmt_disableupdate":"","_lmt_disable":"","_jetpack_memberships_contains_paid_content":false,"footnotes":""},"categories":[109,46],"tags":[2400],"class_list":["post-22839","post","type-post","status-publish","format-standard","has-post-thumbnail","hentry","category-minuto-a-minuto","category-zona-blanca","tag-cronicas-de-la-nada"],"jetpack_featured_media_url":"https:\/\/zonaroja.com.mx\/wp-content\/uploads\/2021\/01\/Presentacion-de-libro.jpg","jetpack_sharing_enabled":true,"_links":{"self":[{"href":"https:\/\/zonaroja.com.mx\/index.php?rest_route=\/wp\/v2\/posts\/22839","targetHints":{"allow":["GET"]}}],"collection":[{"href":"https:\/\/zonaroja.com.mx\/index.php?rest_route=\/wp\/v2\/posts"}],"about":[{"href":"https:\/\/zonaroja.com.mx\/index.php?rest_route=\/wp\/v2\/types\/post"}],"author":[{"embeddable":true,"href":"https:\/\/zonaroja.com.mx\/index.php?rest_route=\/wp\/v2\/users\/2"}],"replies":[{"embeddable":true,"href":"https:\/\/zonaroja.com.mx\/index.php?rest_route=%2Fwp%2Fv2%2Fcomments&post=22839"}],"version-history":[{"count":1,"href":"https:\/\/zonaroja.com.mx\/index.php?rest_route=\/wp\/v2\/posts\/22839\/revisions"}],"predecessor-version":[{"id":22841,"href":"https:\/\/zonaroja.com.mx\/index.php?rest_route=\/wp\/v2\/posts\/22839\/revisions\/22841"}],"wp:featuredmedia":[{"embeddable":true,"href":"https:\/\/zonaroja.com.mx\/index.php?rest_route=\/wp\/v2\/media\/22840"}],"wp:attachment":[{"href":"https:\/\/zonaroja.com.mx\/index.php?rest_route=%2Fwp%2Fv2%2Fmedia&parent=22839"}],"wp:term":[{"taxonomy":"category","embeddable":true,"href":"https:\/\/zonaroja.com.mx\/index.php?rest_route=%2Fwp%2Fv2%2Fcategories&post=22839"},{"taxonomy":"post_tag","embeddable":true,"href":"https:\/\/zonaroja.com.mx\/index.php?rest_route=%2Fwp%2Fv2%2Ftags&post=22839"}],"curies":[{"name":"wp","href":"https:\/\/api.w.org\/{rel}","templated":true}]}}