{"id":22843,"date":"2021-01-26T12:46:54","date_gmt":"2021-01-26T18:46:54","guid":{"rendered":"https:\/\/www.zonaroja.com.mx\/?p=22843"},"modified":"2021-01-26T12:46:58","modified_gmt":"2021-01-26T18:46:58","slug":"registra-la-cuenca-un-ejecutado-y-un-ataque-armado-a-palacio-municipal","status":"publish","type":"post","link":"https:\/\/zonaroja.com.mx\/?p=22843","title":{"rendered":"Registra la Cuenca un ejecutado y un ataque armado a palacio municipal"},"content":{"rendered":"\n<p class=\"MsoNormal\">Redacci\u00f3n\/Zona Roja. <\/p>\n\n\n\n<p class=\"MsoNormal\">Oaxaca de Ju\u00e1rez, Oax., 26 de enero de 2021.- En hechos distintos, ocurridos en el transcurso <a href=\"\/\/1\">de la tarde<\/a> de <a href=\"\/\/2\">este lunes<\/a> y ma\u00f1ana de hoy, se registr\u00f3 la ejecuci\u00f3n de una persona en el municipio de Loma Bonita y el ataque armado al palacio de San Jos\u00e9 Independencia. <\/p>\n\n\n\n<p class=\"MsoNormal\">La ma\u00f1ana de <a href=\"\/\/6\">este martes<\/a>, minutos despu\u00e9s <a href=\"\/\/7\">de las 7:00<\/a> horas, ocurri\u00f3 el ataque contra un hombre que circulaba en motocicleta sobre la avenida Puebla, entre las calles Jalisco y Chimalpopoca, en la colonia M\u00e9xico, del municipio de Loma Bonita, indic\u00f3 el informe preliminar.<\/p>\n\n\n\n<p class=\"MsoNormal\">Las autoridades policiales informaron que la persona fue identificada como Marco Yair Luis Hern\u00e1ndez, de 18 a\u00f1os, quien recibi\u00f3 varios impactos de arma de fuego.<\/p>\n\n\n\n<p class=\"MsoNormal\">Al lugar arribaron los cuerpos de seguridad p\u00fablica de los tres \u00f3rdenes de gobierno para acordonar el \u00e1rea e iniciar las diligencias correspondientes.<\/p>\n\n\n\n<p class=\"MsoNormal\">Los hechos violentos tambi\u00e9n alcanzaron al municipio de San Jos\u00e9 Independencia, situado en colindancia con el vaso de la presa \u201cMiguel Alem\u00e1n\u201d, de esa misma regi\u00f3n de la Cuenca.<\/p>\n\n\n\n<p class=\"MsoNormal\">De forma preliminar se dio a conocer sobre el ataque con disparos de armas de fuego contra el palacio municipal, sin que hasta ahora se den a conocer datos sobre personas heridas o fallecidas.<\/p>\n\n\n\n<p class=\"MsoNormal\">El informe indic\u00f3 que la agresi\u00f3n la habr\u00eda cometido un grupo de hombres a bordo de dos veh\u00edculos y una lancha.&nbsp;<\/p>\n\n\n\n<p class=\"MsoNormal\">FATAL ACCIDENTE<\/p>\n\n\n\n<p class=\"MsoNormal\">Por otra parte, el integrante del Heroico Cuerpo de Bomberos de Tuxtepec sin vida y tres m\u00e1s heridos, fue el saldo que dej\u00f3 un accidente vial sobre la carretera Tuxtepec-Playa Vicente, la tarde de <a href=\"\/\/8\">este lunes<\/a>.<\/p>\n\n\n\n<p class=\"MsoNormal\">El  hecho se registr\u00f3 cuando los bomberos acud\u00edan a un llamado de emergencia, a bordo de una camioneta con batea que ocupan como su unidad de rescate y en la que transportan un tanque de mil litros como su bomba de agua. <\/p>\n\n\n\n<p class=\"MsoNormal\">El veh\u00edculo perdi\u00f3 el control aparentemente ante el estallido de una de sus llantas, ocasionando que sus ocupantes salieran proyectados de la unidad.<\/p>\n\n\n\n<p class=\"MsoNormal\">El accidente se registr\u00f3 en inmediaciones de la comunidad de La Reforma, perteneciente al municipio de Tuxtepec; el cuerpo del bombero fallecido qued\u00f3 en medio de la cinta asf\u00e1ltica, mientras que el resto a orilla de carretera.<\/p>\n\n\n\n<p class=\"MsoNormal\">Los lesionados fueron identificados como Freddy A. Portugal Cervantes y Simi\u00f3n Ort\u00edz Zafra, as\u00ed como una mujer m\u00e1s que era voluntaria, mientras que el fallecido como Gabriel Ru\u00edz Valerio con 23 a\u00f1os de servicio.<\/p>\n","protected":false},"excerpt":{"rendered":"<p>Redacci\u00f3n\/Zona Roja. Oaxaca de Ju\u00e1rez, Oax., 26 de enero de 2021.- En hechos distintos, ocurridos&hellip;<\/p>\n","protected":false},"author":2,"featured_media":22842,"comment_status":"closed","ping_status":"open","sticky":false,"template":"","format":"standard","meta":{"_lmt_disableupdate":"","_lmt_disable":"","_jetpack_memberships_contains_paid_content":false,"footnotes":""},"categories":[109,51],"tags":[],"class_list":["post-22843","post","type-post","status-publish","format-standard","has-post-thumbnail","hentry","category-minuto-a-minuto","category-zona-roja"],"jetpack_featured_media_url":"https:\/\/zonaroja.com.mx\/wp-content\/uploads\/2021\/01\/acb06c7a-9c45-4eff-8980-38f110baefc6.jpg","jetpack_sharing_enabled":true,"_links":{"self":[{"href":"https:\/\/zonaroja.com.mx\/index.php?rest_route=\/wp\/v2\/posts\/22843","targetHints":{"allow":["GET"]}}],"collection":[{"href":"https:\/\/zonaroja.com.mx\/index.php?rest_route=\/wp\/v2\/posts"}],"about":[{"href":"https:\/\/zonaroja.com.mx\/index.php?rest_route=\/wp\/v2\/types\/post"}],"author":[{"embeddable":true,"href":"https:\/\/zonaroja.com.mx\/index.php?rest_route=\/wp\/v2\/users\/2"}],"replies":[{"embeddable":true,"href":"https:\/\/zonaroja.com.mx\/index.php?rest_route=%2Fwp%2Fv2%2Fcomments&post=22843"}],"version-history":[{"count":1,"href":"https:\/\/zonaroja.com.mx\/index.php?rest_route=\/wp\/v2\/posts\/22843\/revisions"}],"predecessor-version":[{"id":22844,"href":"https:\/\/zonaroja.com.mx\/index.php?rest_route=\/wp\/v2\/posts\/22843\/revisions\/22844"}],"wp:featuredmedia":[{"embeddable":true,"href":"https:\/\/zonaroja.com.mx\/index.php?rest_route=\/wp\/v2\/media\/22842"}],"wp:attachment":[{"href":"https:\/\/zonaroja.com.mx\/index.php?rest_route=%2Fwp%2Fv2%2Fmedia&parent=22843"}],"wp:term":[{"taxonomy":"category","embeddable":true,"href":"https:\/\/zonaroja.com.mx\/index.php?rest_route=%2Fwp%2Fv2%2Fcategories&post=22843"},{"taxonomy":"post_tag","embeddable":true,"href":"https:\/\/zonaroja.com.mx\/index.php?rest_route=%2Fwp%2Fv2%2Ftags&post=22843"}],"curies":[{"name":"wp","href":"https:\/\/api.w.org\/{rel}","templated":true}]}}