{"id":22846,"date":"2021-01-26T14:59:22","date_gmt":"2021-01-26T20:59:22","guid":{"rendered":"https:\/\/www.zonaroja.com.mx\/?p=22846"},"modified":"2021-01-26T14:59:24","modified_gmt":"2021-01-26T20:59:24","slug":"en-menos-de-24-horas-reportan-tres-mujeres-mas-desaparecidas-en-oaxaca","status":"publish","type":"post","link":"https:\/\/zonaroja.com.mx\/?p=22846","title":{"rendered":"En menos de 24 horas, reportan tres mujeres m\u00e1s desaparecidas en Oaxaca"},"content":{"rendered":"\n<p class=\"MsoNormal\">Yuridiana Sosa\/Zona Roja. <\/p>\n\n\n\n<p class=\"MsoNormal\">Oaxaca de Ju\u00e1rez, Oax., 26 de enero de 2021.- M\u00eda, Mar\u00eda Clara y Mar\u00eda Clara junto con su mejor hijo, son las mujeres reportadas como desaparecidas en menos de 24 horas por parte de la Unidad de B\u00fasqueda de Personas Desaparecidas y No Localizadas.<\/p>\n\n\n\n<p class=\"MsoNormal\">Los casos se registraron en las regiones de la Costa, Valles Centrales y la Cuenca del Papaloapan, de acuerdo a la informaci\u00f3n proporcionada.<\/p>\n\n\n\n<p class=\"MsoNormal\">La desaparici\u00f3n m\u00e1s reciente se registr\u00f3 contra M\u00eda de la Rosa Mendoza, de 15 a\u00f1os de edad, quien fue vista por \u00faltima vez el pasado 20 de enero en la colonia&nbsp;<a href=\"\/\/2\">20 de Noviembre<\/a>&nbsp;en el municipio de Santiago Pinotepa.<\/p>\n\n\n\n<p class=\"MsoNormal\">Horas antes se report\u00f3 la no localizaci\u00f3n de Mar\u00eda Clara Guti\u00e9rrez Cruz, de 67 a\u00f1os, de quien se desconoce su paradero desde el pasado 19 de enero en la Primera Secci\u00f3n de Santa Ana del Valle.<\/p>\n\n\n\n<p class=\"MsoNormal\">Tambi\u00e9n se report\u00f3 el caso de Jennifer Ram\u00edrez Ju\u00e1rez, de 20 a\u00f1os y Sergio Jos\u00e9 Castillo Ram\u00edrez, de cinco a\u00f1os, madre e hijo, quienes fueron vistos por \u00faltima vez desde el pasado 20 de enero cerca&nbsp;<a href=\"\/\/5\">de las 15:00<\/a>&nbsp;horas en la calle de Melchor Ocampo, de San Juan Bautista Tuxtepec.<\/p>\n\n\n\n<p class=\"MsoNormal\">Por los casos ocurridos en este municipio de la Cuenca, el Colectivo Tuxfem sentenci\u00f3 la expresi\u00f3n \u201cse fue con el novio\u201d como excusa para no buscar a las j\u00f3venes en Tuxtepec y recalc\u00f3 que los novios tambi\u00e9n asesinan, secuestran, violan y matan.<\/p>\n\n\n\n<p class=\"MsoNormal\">Mientras que desde el pasado 22 de enero se report\u00f3 la desaparici\u00f3n de Ximena Lizete Ballinas Gonz\u00e1lez, de 18 a\u00f1os, en Huajuapan de Le\u00f3n. <\/p>\n","protected":false},"excerpt":{"rendered":"<p>Yuridiana Sosa\/Zona Roja. Oaxaca de Ju\u00e1rez, Oax., 26 de enero de 2021.- M\u00eda, Mar\u00eda Clara&hellip;<\/p>\n","protected":false},"author":2,"featured_media":22845,"comment_status":"closed","ping_status":"open","sticky":false,"template":"","format":"standard","meta":{"_lmt_disableupdate":"","_lmt_disable":"","_jetpack_memberships_contains_paid_content":false,"footnotes":""},"categories":[109,47],"tags":[],"class_list":["post-22846","post","type-post","status-publish","format-standard","has-post-thumbnail","hentry","category-minuto-a-minuto","category-zona-gris"],"jetpack_featured_media_url":"https:\/\/zonaroja.com.mx\/wp-content\/uploads\/2021\/01\/img_7270.jpg","jetpack_sharing_enabled":true,"_links":{"self":[{"href":"https:\/\/zonaroja.com.mx\/index.php?rest_route=\/wp\/v2\/posts\/22846","targetHints":{"allow":["GET"]}}],"collection":[{"href":"https:\/\/zonaroja.com.mx\/index.php?rest_route=\/wp\/v2\/posts"}],"about":[{"href":"https:\/\/zonaroja.com.mx\/index.php?rest_route=\/wp\/v2\/types\/post"}],"author":[{"embeddable":true,"href":"https:\/\/zonaroja.com.mx\/index.php?rest_route=\/wp\/v2\/users\/2"}],"replies":[{"embeddable":true,"href":"https:\/\/zonaroja.com.mx\/index.php?rest_route=%2Fwp%2Fv2%2Fcomments&post=22846"}],"version-history":[{"count":1,"href":"https:\/\/zonaroja.com.mx\/index.php?rest_route=\/wp\/v2\/posts\/22846\/revisions"}],"predecessor-version":[{"id":22847,"href":"https:\/\/zonaroja.com.mx\/index.php?rest_route=\/wp\/v2\/posts\/22846\/revisions\/22847"}],"wp:featuredmedia":[{"embeddable":true,"href":"https:\/\/zonaroja.com.mx\/index.php?rest_route=\/wp\/v2\/media\/22845"}],"wp:attachment":[{"href":"https:\/\/zonaroja.com.mx\/index.php?rest_route=%2Fwp%2Fv2%2Fmedia&parent=22846"}],"wp:term":[{"taxonomy":"category","embeddable":true,"href":"https:\/\/zonaroja.com.mx\/index.php?rest_route=%2Fwp%2Fv2%2Fcategories&post=22846"},{"taxonomy":"post_tag","embeddable":true,"href":"https:\/\/zonaroja.com.mx\/index.php?rest_route=%2Fwp%2Fv2%2Ftags&post=22846"}],"curies":[{"name":"wp","href":"https:\/\/api.w.org\/{rel}","templated":true}]}}