{"id":22849,"date":"2021-01-26T16:25:36","date_gmt":"2021-01-26T22:25:36","guid":{"rendered":"http:\/\/www.zonaroja.com.mx\/?p=22849"},"modified":"2021-01-26T16:25:39","modified_gmt":"2021-01-26T22:25:39","slug":"aseguran-sso-que-se-invirtio-357-mdp-para-insumos-de-combate-a-pandemia","status":"publish","type":"post","link":"https:\/\/zonaroja.com.mx\/?p=22849","title":{"rendered":"Aseguran SSO que se invirti\u00f3 357 mdp para insumos de combate a pandemia"},"content":{"rendered":"\n<p>Evlin Arag\u00f3n\/Zona Roja.<\/p>\n\n\n\n<p>Oaxaca de Ju\u00e1rez, Oax., 26 de enero de 2021.- \u201cOaxaca, como el resto del mundo se encuentra en periodo cr\u00edtico, que hace necesario sumar esfuerzos y voluntades para que en un marco de respeto y de previsi\u00f3n social logremos coincidir en el inter\u00e9s fundamental del bienestar de la poblaci\u00f3n\u201d.<\/p>\n\n\n\n<p>Fueron las palabras del secretario de Salud de Oaxaca, Juan Carlos M\u00e1rquez Heine, quien reconoci\u00f3 lo complicado que ha sido la atenci\u00f3n a la pandemia en la entidad; sin embargo, destac\u00f3 el respaldo institucional que se ha dado al personal m\u00e9dico, de enfermer\u00eda, de apoyo y administrativo que se encuentran dando la batalla de manera directa al interior de los hospitales.&nbsp;<\/p>\n\n\n\n<p>Lo anterior en el marco de su comparecencia para la glosa del Cuarto Informe de Gobierno ante la Comisi\u00f3n Permanente de Salud de la 64 Legislatura, que se llev\u00f3 a cabo este martes al interior del recinto, pese al llamado de los SSO de hacerlas de manera virtual para evitar riesgo de contagio de SARS-CoV-2.<\/p>\n\n\n\n<p>En temas relacionados con la pandemia, M\u00e1rquez Heine detall\u00f3 que el Consejo Estatal de Seguridad en Salud orient\u00f3 tres acciones centrales: labores de prevenci\u00f3n &#8211;incluyendo la campa\u00f1a de sana distancia&#8212;; brindar equipo de protecci\u00f3n a todo el personal al interior de hospitales y cl\u00ednicas; as\u00ed como ampliar o reconvertir la red hospitalaria.&nbsp;<\/p>\n\n\n\n<p>Puntualiz\u00f3 que se destinaron 357 millones de pesos para la adquisici\u00f3n de insumos y equipamiento para atender la pandemia que fueron distribuidos en toda la entidad.&nbsp;<\/p>\n\n\n\n<p>\u00abCon la entrega de equipos e insumos a nuestro personal en primera l\u00ednea de batalla contra la Covid-19, creamos las condiciones de seguridad necesarias para continuar brindando atenci\u00f3n m\u00e9dica a las y los oaxaque\u00f1os\u00bb.<\/p>\n\n\n\n<p>As\u00ed mismo, se realiz\u00f3 la ampliaci\u00f3n y reconversi\u00f3n de los espacios hospitalarios, particularmente el Hospital de la Mujer y el Ni\u00f1o Oaxaque\u00f1o que se convirti\u00f3 en centro Covid; as\u00ed como el Hospitalidad M\u00f3vil, que tuvo una inversi\u00f3n de 18 millones, y donde dijo todos los pacientes han salido por su propio pie.\u00a0\u00a0<\/p>\n\n\n\n<figure class=\"wp-block-embed-twitter wp-block-embed is-type-rich is-provider-twitter\"><div class=\"wp-block-embed__wrapper\">\n<div class=\"twitter-tweet\"><blockquote class=\"twitter-tweet\" data-lang=\"es\"><p lang=\"es\" dir=\"ltr\"><a href=\"https:\/\/twitter.com\/hashtag\/%C3%9AltimoMinuto?src=hash&amp;ref_src=twsrc%5Etfw\">#\u00daltimoMinuto<\/a> <br>Ante la Comisi\u00f3n de Salud del <a href=\"https:\/\/twitter.com\/CongresoOaxLXIV?ref_src=twsrc%5Etfw\">@CongresoOaxLXIV<\/a> y un reducido grupo de personas, para evitar contagios por Covid-19, comparece el titular de los <a href=\"https:\/\/twitter.com\/SSO_GobOax?ref_src=twsrc%5Etfw\">@SSO_GobOax<\/a>, <a href=\"https:\/\/twitter.com\/JC_MarquezH?ref_src=twsrc%5Etfw\">@JC_MarquezH<\/a>, como parte de la glosa del IV Informe de Gobierno. <a href=\"https:\/\/t.co\/MmwdRJNn8k\">pic.twitter.com\/MmwdRJNn8k<\/a><\/p>&mdash; Zona Roja Oaxaca (@MexRoja) <a href=\"https:\/\/twitter.com\/MexRoja\/status\/1354123183838912513?ref_src=twsrc%5Etfw\">26 de enero de 2021<\/a><\/blockquote><\/div>\n<\/div><\/figure>\n\n\n\n<p>\u201cEn total en todo el estado se adecuaron 26 hospitales, distribuidos en las ocho regiones con una capacidad de 455 camas reconvertidas\u201d, expuso.&nbsp;<\/p>\n\n\n\n<p>Pese a las quejas del personal m\u00e9dico, enfatiz\u00f3 sobre la contrataci\u00f3n de 784 trabajadoras y trabajadores por parte del Instituto Nacional de Salud Bienestar; as\u00ed como el pago del bono especial con un monto de 58 millones, en beneficio de 11 mil 635 personas adscritas a las Servicios de Salud.&nbsp;<\/p>\n\n\n\n<p>En tema generales, el funcionario subray\u00f3 una inversi\u00f3n en infraestructura m\u00e9dica de 409 millones de pesos de inversi\u00f3n en los Servicios de Salud que han permitido la conclusi\u00f3n del Hospital General de la Heroica Ciudad de Tlaxiaco; la ampliaci\u00f3n del equipamiento del Centro de Oncolog\u00eda y Radioterapia de Oaxaca; el equipamiento de 12 hospitales comunitarios; la rehabilitaci\u00f3n de cinco centros de salud; y la sustituci\u00f3n de seis centros de salud en la entidad.<\/p>\n\n\n\n<p>As\u00ed mismo destac\u00f3 la firma del Acuerdo de Coordinaci\u00f3n con el Insabi, en febrero del 2020, para garantizar la prestaci\u00f3n gratuita de servicios de salud, medicamentos y dem\u00e1s insumos a personas sin seguridad social que incluy\u00f3 un recurso de 748 millones para adquirir medicamentos e insumos.&nbsp;<\/p>\n\n\n\n<p>De igual forma, destac\u00f3 la adquisici\u00f3n y entrega de 42 nuevas ambulancias al mismo n\u00famero de municipios, as\u00ed como la continuidad de las obras en Santa Catarina Juquila, Chalcatongo de Hidalgo, R\u00edo Grande, Teotitl\u00e1n de Flores Mag\u00f3n, Ixtl\u00e1n de Ju\u00e1rez, los cuales tambi\u00e9n se busca equipar.&nbsp;<\/p>\n\n\n\n<p>SALUD, VITAL<\/p>\n\n\n\n<p>Como respuesta a la glosa del informe, el presidente de la Comisi\u00f3n Permanente de Salud, Emilio Joaqu\u00edn Garc\u00eda Aguilar, refiri\u00f3 la importancia de la salud en toda la poblaci\u00f3n, por ello reconoci\u00f3 al personal m\u00e9dico, de apoyo y administrativo que enfrentan en primera l\u00ednea la pandemia.<\/p>\n\n\n\n<p>A la par que detall\u00f3 que, pese a las inversiones millonarias referidas, la atenci\u00f3n m\u00e9dica se sigue quedando rezagada, particularmente en las zonas ind\u00edgenas.&nbsp;<\/p>\n\n\n\n<p>Mientras que el diputado del PRI, Gustavo D\u00edaz S\u00e1nchez, pidi\u00f3 la aceleraci\u00f3n de la adquisici\u00f3n de las 287 mil vacunas y la distribuci\u00f3n por parte del Estado, adem\u00e1s que reconoci\u00f3 la labor de los Servicios de Salud al enfrentar la pandemia.<\/p>\n\n\n\n<p>As\u00ed mismo, solicit\u00f3 la atenci\u00f3n de otros padecimientos que, lamentablemente, han pasado a segundo y tercer t\u00e9rmino debido a la contingencia sanitaria, pero que asegur\u00f3 son parte de la necesidad y exigencia ciudadana.&nbsp;<\/p>\n\n\n\n<p>Otros representantes del Poder Legislativo cuestionaron el aumento de contagios y fallecimientos en torno a la pandemia, as\u00ed como solicitaron un respaldo real -de insumos y econ\u00f3mico- al personal m\u00e9dico que se encuentra en estos momentos doblemente vulnerable al ver reducidos sus sueldos y estar de frente al coronavirus.<\/p>\n","protected":false},"excerpt":{"rendered":"<p>Evlin Arag\u00f3n\/Zona Roja. Oaxaca de Ju\u00e1rez, Oax., 26 de enero de 2021.- \u201cOaxaca, como el&hellip;<\/p>\n","protected":false},"author":2,"featured_media":22850,"comment_status":"closed","ping_status":"open","sticky":false,"template":"","format":"standard","meta":{"_lmt_disableupdate":"","_lmt_disable":"","_jetpack_memberships_contains_paid_content":false,"footnotes":""},"categories":[109,46],"tags":[1701],"class_list":["post-22849","post","type-post","status-publish","format-standard","has-post-thumbnail","hentry","category-minuto-a-minuto","category-zona-blanca","tag-juan-carlos-marquez-heine"],"jetpack_featured_media_url":"https:\/\/zonaroja.com.mx\/wp-content\/uploads\/2021\/01\/SSO-Comparecencia-3.jpeg","jetpack_sharing_enabled":true,"_links":{"self":[{"href":"https:\/\/zonaroja.com.mx\/index.php?rest_route=\/wp\/v2\/posts\/22849","targetHints":{"allow":["GET"]}}],"collection":[{"href":"https:\/\/zonaroja.com.mx\/index.php?rest_route=\/wp\/v2\/posts"}],"about":[{"href":"https:\/\/zonaroja.com.mx\/index.php?rest_route=\/wp\/v2\/types\/post"}],"author":[{"embeddable":true,"href":"https:\/\/zonaroja.com.mx\/index.php?rest_route=\/wp\/v2\/users\/2"}],"replies":[{"embeddable":true,"href":"https:\/\/zonaroja.com.mx\/index.php?rest_route=%2Fwp%2Fv2%2Fcomments&post=22849"}],"version-history":[{"count":1,"href":"https:\/\/zonaroja.com.mx\/index.php?rest_route=\/wp\/v2\/posts\/22849\/revisions"}],"predecessor-version":[{"id":22851,"href":"https:\/\/zonaroja.com.mx\/index.php?rest_route=\/wp\/v2\/posts\/22849\/revisions\/22851"}],"wp:featuredmedia":[{"embeddable":true,"href":"https:\/\/zonaroja.com.mx\/index.php?rest_route=\/wp\/v2\/media\/22850"}],"wp:attachment":[{"href":"https:\/\/zonaroja.com.mx\/index.php?rest_route=%2Fwp%2Fv2%2Fmedia&parent=22849"}],"wp:term":[{"taxonomy":"category","embeddable":true,"href":"https:\/\/zonaroja.com.mx\/index.php?rest_route=%2Fwp%2Fv2%2Fcategories&post=22849"},{"taxonomy":"post_tag","embeddable":true,"href":"https:\/\/zonaroja.com.mx\/index.php?rest_route=%2Fwp%2Fv2%2Ftags&post=22849"}],"curies":[{"name":"wp","href":"https:\/\/api.w.org\/{rel}","templated":true}]}}