{"id":22852,"date":"2021-01-26T16:44:53","date_gmt":"2021-01-26T22:44:53","guid":{"rendered":"http:\/\/www.zonaroja.com.mx\/?p=22852"},"modified":"2021-01-26T16:44:57","modified_gmt":"2021-01-26T22:44:57","slug":"desmienten-que-mercado-bravo-ahuja-sea-de-propietarios-particulares","status":"publish","type":"post","link":"https:\/\/zonaroja.com.mx\/?p=22852","title":{"rendered":"Desmienten que mercado \u201cBravo Ah\u00faja\u201d sea de propietarios particulares"},"content":{"rendered":"\n<p>Evlin Arag\u00f3n\/Zona Roja.<\/p>\n\n\n\n<p>Oaxaca de Ju\u00e1rez, Oax., 26 de enero de 2021.- Integrantes del Comit\u00e9 del Mercado \u201cV\u00edctor Bravo Ahuja\u201d, ubicado en jurisdicci\u00f3n del municipio de Santa Lucia del Camino, se dijeron v\u00edctimas de violencia, da\u00f1os y amenazas, encabezadas por Paulina Flores Hern\u00e1ndez, quien fuera representante del mercado por m\u00e1s de 20 a\u00f1os y que recientemente fue removida del cargo.&nbsp;<\/p>\n\n\n\n<p>As\u00ed lo dieron a conocer este martes en conferencia de prensa, donde negaron ser responsables de los delitos de despojo, robo y falsificaci\u00f3n de documentos como refiriera la ex lideresa que, a trav\u00e9s de sus abogados, acus\u00f3 el desalojo de su local, sin permitir su regreso a laborar.&nbsp;<\/p>\n\n\n\n<p>Los actuales representantes y tambi\u00e9n locatarios del mercado explicaron que, el a\u00f1o pasado, Flores Hern\u00e1ndez dej\u00f3 de ser representante legal del mercado, luego de m\u00e1s de 20 a\u00f1os de ostentar el cargo, periodo de tiempo en el que abuso de su poder y se aprovech\u00f3 de su representatividad para generar beneficios econ\u00f3micos personales.&nbsp;<\/p>\n\n\n\n<p>De acuerdo con lo expuesto, fue la asamblea general del mercado la que sesion\u00f3 el 7 de julio del 2020, con las facultades que ostenta y con el respaldo de la mayor\u00eda de locatarios, la que determin\u00f3 la remoci\u00f3n de Flores Hern\u00e1ndez y avalaron una nueva representaci\u00f3n.&nbsp;&nbsp;<\/p>\n\n\n\n<p>Pese a lo anterior, la lideresa desconocida present\u00f3 una denuncia ante la Fiscal\u00eda General del Estado de Oaxaca por los delitos de despojo, robo y falsificaci\u00f3n de documentos en contra de la nueva representatividad del mercado. \u201cSe trata de hechos totalmente falsos y somos inocentes de lo que se nos acusa\u201d<\/p>\n\n\n\n<p>El reciente comit\u00e9 dio a conocer que tambi\u00e9n enfrenta una denuncia por el delito de amenazas en contra de Eufemia M\u00e9ndez Cabrera, tesorera de la anterior administraci\u00f3n.<\/p>\n\n\n\n<p>Sin embargo, explic\u00f3 que fue Paulina Flores, su hija Flor de Belem y su hermana Graciela, quienes durante el mes de noviembre irrumpieron en el mercado de manera agresiva en compa\u00f1\u00eda de varias personas ajenas al mercado para intimidar, insultar y amenazar a todos los locatarios a quienes les refiri\u00f3 que ella era due\u00f1a del establecimiento y \u201cse iban a arrepentir\u201d<\/p>\n\n\n\n<p>\u201cLa se\u00f1ora Paulina contrat\u00f3 a mucha gente: \u2018cholos\u2019, guardias y personas que ni siquiera pertenecen a esta colonia, pero que rodearon completamente al mercado con la intenci\u00f3n de agredirnos, por lo que fue necesaria la presencia de elementos de seguridad del municipio de Santa Lucia del Camino\u201d, relataron.&nbsp;<\/p>\n\n\n\n<p>Lo anterior sirve para desmentir que el reciente comit\u00e9 sea responsable de la violencia al interior del mercado y el acoso de las ex representantes, por el contrario, es Flores Hern\u00e1ndez la que aseguran ha ocasionado el conflicto al interior, remarcaron.&nbsp;<\/p>\n\n\n\n<p>Por ello presentaron una denuncia en contra de la Paulina y su familia por amenazas y da\u00f1os cometidos en su agravio.<\/p>\n\n\n\n<p>Finalmente negaron que el espacio sea de propiedad privada y por el contrario, refirieron son todas y todos los comerciantes los que son due\u00f1os de cada uno de sus espacios.<\/p>\n\n\n\n<p>Explicaron que al final de las escrituras de propiedad se encuentran los nombres de algunas mujeres, dentro de ellas el de Paulina Flores, que en su momento fungieron como representantes legales del mercado, sin embargo, lo anterior no las convierte en propietarias del lugar como se ha dicho recientemente.&nbsp;&nbsp;<\/p>\n\n\n\n<p>En un breve recorrido que realiz\u00f3 el equipo de ZONA ROJA se pudo constatar el funcionamiento que con normalidad se realiza al interior del mercado.&nbsp;<\/p>\n","protected":false},"excerpt":{"rendered":"<p>Evlin Arag\u00f3n\/Zona Roja. Oaxaca de Ju\u00e1rez, Oax., 26 de enero de 2021.- Integrantes del Comit\u00e9&hellip;<\/p>\n","protected":false},"author":2,"featured_media":22853,"comment_status":"closed","ping_status":"open","sticky":false,"template":"","format":"standard","meta":{"_lmt_disableupdate":"","_lmt_disable":"","_jetpack_memberships_contains_paid_content":false,"footnotes":""},"categories":[109,47],"tags":[2383],"class_list":["post-22852","post","type-post","status-publish","format-standard","has-post-thumbnail","hentry","category-minuto-a-minuto","category-zona-gris","tag-mercado-victor-bravo-ahuja-santa-lucia-del-camino"],"jetpack_featured_media_url":"https:\/\/zonaroja.com.mx\/wp-content\/uploads\/2021\/01\/Protesta-directiva-mercado-Bravo-Ahuja.jpg","jetpack_sharing_enabled":true,"_links":{"self":[{"href":"https:\/\/zonaroja.com.mx\/index.php?rest_route=\/wp\/v2\/posts\/22852","targetHints":{"allow":["GET"]}}],"collection":[{"href":"https:\/\/zonaroja.com.mx\/index.php?rest_route=\/wp\/v2\/posts"}],"about":[{"href":"https:\/\/zonaroja.com.mx\/index.php?rest_route=\/wp\/v2\/types\/post"}],"author":[{"embeddable":true,"href":"https:\/\/zonaroja.com.mx\/index.php?rest_route=\/wp\/v2\/users\/2"}],"replies":[{"embeddable":true,"href":"https:\/\/zonaroja.com.mx\/index.php?rest_route=%2Fwp%2Fv2%2Fcomments&post=22852"}],"version-history":[{"count":1,"href":"https:\/\/zonaroja.com.mx\/index.php?rest_route=\/wp\/v2\/posts\/22852\/revisions"}],"predecessor-version":[{"id":22854,"href":"https:\/\/zonaroja.com.mx\/index.php?rest_route=\/wp\/v2\/posts\/22852\/revisions\/22854"}],"wp:featuredmedia":[{"embeddable":true,"href":"https:\/\/zonaroja.com.mx\/index.php?rest_route=\/wp\/v2\/media\/22853"}],"wp:attachment":[{"href":"https:\/\/zonaroja.com.mx\/index.php?rest_route=%2Fwp%2Fv2%2Fmedia&parent=22852"}],"wp:term":[{"taxonomy":"category","embeddable":true,"href":"https:\/\/zonaroja.com.mx\/index.php?rest_route=%2Fwp%2Fv2%2Fcategories&post=22852"},{"taxonomy":"post_tag","embeddable":true,"href":"https:\/\/zonaroja.com.mx\/index.php?rest_route=%2Fwp%2Fv2%2Ftags&post=22852"}],"curies":[{"name":"wp","href":"https:\/\/api.w.org\/{rel}","templated":true}]}}