{"id":22858,"date":"2021-01-26T20:13:52","date_gmt":"2021-01-27T02:13:52","guid":{"rendered":"http:\/\/www.zonaroja.com.mx\/?p=22858"},"modified":"2021-01-26T20:13:57","modified_gmt":"2021-01-27T02:13:57","slug":"mujeres-ninas-y-ninos-las-eternas-victimas-del-conflicto-en-la-zona-triqui","status":"publish","type":"post","link":"https:\/\/zonaroja.com.mx\/?p=22858","title":{"rendered":"Mujeres, ni\u00f1as y ni\u00f1os las eternas v\u00edctimas del conflicto en la zona triqui"},"content":{"rendered":"\n<p>Evlin Arag\u00f3n\/Zona Roja.<\/p>\n\n\n\n<p>Oaxaca de Ju\u00e1rez, Oax., 26 de enero de 2021.- Mientras las organizaciones y los grupos sociales existentes en la zona triqui se responsabilizan unos a otros de los hechos violentos que se han registrado desde finales del 2020 y hasta la fecha, son las mujeres, ni\u00f1as y ni\u00f1os las v\u00edctimas de un conflicto que pareciera no tener fin.&nbsp;<\/p>\n\n\n\n<p>Decenas de mujeres y sus familias originarias de Tierra Blanca Copala, han sido desplazada de sus hogares, los cuales previamente fueron saqueados dej\u00e1ndolas sin nada, ni siquiera alimento para sobrevivir, de ah\u00ed que han pasado d\u00edas llenos de miedo, dolor, angustia, hambre y enfermedad.&nbsp;<\/p>\n\n\n\n<p>\u201cYa no sabemos qu\u00e9 hacer, nos quer\u00edan matar. Pasamos seis d\u00edas sin comer, las abuelitas y los ni\u00f1os se estaban desmayando por la falta de comida\u201d, dijo una mujer, como parte de los testimonios recabados por la activista Frida Guerrera, quien se traslad\u00f3 a la zona.&nbsp;<\/p>\n\n\n\n<p>\u201cEcharon balazos en todas las casas, tumbaron las ventanas e hirieron a mi esposo, Modesto L\u00f3pez Garc\u00eda, quien a\u00fan recibe atenci\u00f3n medica debido a las heridas que presenta\u201d, manifest\u00f3 otra en su lengua originaria.<\/p>\n\n\n\n<p>\u201cQueremos justicia, nadie nos hace caso. Nos dicen mentiras, les creen a los del MULT y a nosotras no\u201d, fue el dicho de otra mujer triqui que se cubr\u00eda el rostro para no ser reconocida y atacada posteriormente.&nbsp;<\/p>\n\n\n\n<p>\u201cTenemos miedo de que nos maten en cualquier parte, porque ah\u00ed estuvimos y ahorita estamos declarando que tenemos miedo que nos maten en cualquier lugar. Los del MULT est\u00e1n haciendo lo que quieren ahora, mientras el presidente municipal de Juxtlahuaca los protege\u201d, refiere otro testimonio, con el cual asiente la mayor\u00eda, ya que el miedo se ha convertido en una constante.&nbsp;&nbsp;&nbsp;<\/p>\n\n\n\n<p>Con l\u00e1grimas en los ojos, una mujer de avanzada edad relat\u00f3 que su casa qued\u00f3 literalmente como una coladera, ante la cantidad de balas que utilizaron los agresores, de ah\u00ed que llora la p\u00e9rdida de su patrimonio y le preocupa c\u00f3mo salir adelante sin familia y con muchos a\u00f1os a cuestas.&nbsp;<\/p>\n\n\n\n<p>\u201cYo estuve todo el tiempo que dur\u00f3 la agresi\u00f3n, fui la \u00faltima en salir de la balacera. Tengo medio de que hayan saqueado mi casa como lo hicieron como otras, yo misma vi c\u00f3mo lo hac\u00edan\u201d, manifest\u00f3.&nbsp;<\/p>\n\n\n\n<p>Otra de las mujeres m\u00e1s longevas del grupo explic\u00f3 que hace m\u00e1s de 10 a\u00f1os ella fue v\u00edctima del primer desplazamiento en San Juan Copala, por lo que se traslad\u00f3 a vivir a Tierra Blanca donde se viv\u00eda m\u00e1s tranquilamente, sin embargo, todo cambio en diciembre pasado cuando de nueva cuenta el MULT inici\u00f3 las balaceras.\u00a0\u00a0<\/p>\n\n\n\n<figure class=\"wp-block-image size-large\"><img decoding=\"async\" width=\"640\" height=\"360\" src=\"http:\/\/www.zonaroja.com.mx\/wp-content\/uploads\/2021\/01\/Triquis-Tierra-Blanca-Copala.png\" alt=\"\" class=\"wp-image-22860\" srcset=\"https:\/\/zonaroja.com.mx\/wp-content\/uploads\/2021\/01\/Triquis-Tierra-Blanca-Copala.png 640w, https:\/\/zonaroja.com.mx\/wp-content\/uploads\/2021\/01\/Triquis-Tierra-Blanca-Copala-300x169.png 300w, https:\/\/zonaroja.com.mx\/wp-content\/uploads\/2021\/01\/Triquis-Tierra-Blanca-Copala-585x329.png 585w\" sizes=\"(max-width: 640px) 100vw, 640px\" \/><\/figure>\n\n\n\n<p>De los hechos responsabilizaron a Antonio Ram\u00edrez Mart\u00ednez, Tiburcio Ram\u00edrez Flores, Mariano D\u00edaz Flores, Mario Sostenes Ram\u00edrez Flores, Mario Ram\u00edrez D\u00edaz, Emeterio Mart\u00ednez Ram\u00edrez, Alfredo Ram\u00edrez D\u00edaz, Humberto Cruz Ortiz, Paulo Santos de Jes\u00fas.<\/p>\n\n\n\n<p>Las mujeres coincidieron en que de no haber sido por que la situaci\u00f3n se mediatiz\u00f3, las familias hubieran sido asesinadas sin ning\u00fan tipo de miramiento por personas que, aunque no son de la comunidad, se encuentran apropi\u00e1ndose de todo por medio de la violencia.<\/p>\n\n\n\n<p>\u201cYa no tenemos fuerza, ya no sabemos d\u00f3nde ir. No sabemos d\u00f3nde vivir, donde dormir. A nosotros nadie nos cree, vamos a Huajuapan y nadie nos cree, vamos a Oaxaca y nadie nos cree, para ello somos como un perro, polvo, no somos nada.&nbsp; Aun as\u00ed, queremos justicia\u201d, refiero una m\u00e1s a punto del llanto y abrazando a su peque\u00f1a hija.<\/p>\n\n\n\n<p>Hasta antes del mes de diciembre, la localidad de Tierra Blanca Copala, se hab\u00eda mantenido neutral en el conflicto, incluso la misma gente que transitaba por la zona se sent\u00eda segura al momento de arribar a la poblaci\u00f3n.&nbsp;<\/p>\n\n\n\n<p>Las mujeres v\u00edctimas de la violencia culpan al Movimiento de Unificaci\u00f3n de Lucha Triqui (MULT), mientras que est\u00e1 agrupaci\u00f3n insiste en desmentir los hechos y asegura que mantiene su exigencia de una mesa de di\u00e1logo con la autoridad estatal para lograr el fin del conflicto.&nbsp;<\/p>\n\n\n\n<p>Por su parte las autoridades estatales y federales se han visto rebasadas en la atenci\u00f3n de la situaci\u00f3n, dando incluso declaraciones en un primer momento en las que aseguraban no hab\u00eda v\u00edctimas mortales, para luego desmentirlas.<\/p>\n\n\n\n<p>Ello, ante los testimonios que se han vertido a trav\u00e9s de las redes sociales, hoy aliadas de las comunidades para difundir su realidad.&nbsp;<\/p>\n","protected":false},"excerpt":{"rendered":"<p>Evlin Arag\u00f3n\/Zona Roja. Oaxaca de Ju\u00e1rez, Oax., 26 de enero de 2021.- Mientras las organizaciones&hellip;<\/p>\n","protected":false},"author":2,"featured_media":22859,"comment_status":"closed","ping_status":"open","sticky":false,"template":"","format":"standard","meta":{"_lmt_disableupdate":"","_lmt_disable":"","_jetpack_memberships_contains_paid_content":false,"footnotes":""},"categories":[109,47],"tags":[1712],"class_list":["post-22858","post","type-post","status-publish","format-standard","has-post-thumbnail","hentry","category-minuto-a-minuto","category-zona-gris","tag-tierra-blanca-copala"],"jetpack_featured_media_url":"https:\/\/zonaroja.com.mx\/wp-content\/uploads\/2021\/01\/Drama-triquis-Tierra-Blanca.png","jetpack_sharing_enabled":true,"_links":{"self":[{"href":"https:\/\/zonaroja.com.mx\/index.php?rest_route=\/wp\/v2\/posts\/22858","targetHints":{"allow":["GET"]}}],"collection":[{"href":"https:\/\/zonaroja.com.mx\/index.php?rest_route=\/wp\/v2\/posts"}],"about":[{"href":"https:\/\/zonaroja.com.mx\/index.php?rest_route=\/wp\/v2\/types\/post"}],"author":[{"embeddable":true,"href":"https:\/\/zonaroja.com.mx\/index.php?rest_route=\/wp\/v2\/users\/2"}],"replies":[{"embeddable":true,"href":"https:\/\/zonaroja.com.mx\/index.php?rest_route=%2Fwp%2Fv2%2Fcomments&post=22858"}],"version-history":[{"count":1,"href":"https:\/\/zonaroja.com.mx\/index.php?rest_route=\/wp\/v2\/posts\/22858\/revisions"}],"predecessor-version":[{"id":22861,"href":"https:\/\/zonaroja.com.mx\/index.php?rest_route=\/wp\/v2\/posts\/22858\/revisions\/22861"}],"wp:featuredmedia":[{"embeddable":true,"href":"https:\/\/zonaroja.com.mx\/index.php?rest_route=\/wp\/v2\/media\/22859"}],"wp:attachment":[{"href":"https:\/\/zonaroja.com.mx\/index.php?rest_route=%2Fwp%2Fv2%2Fmedia&parent=22858"}],"wp:term":[{"taxonomy":"category","embeddable":true,"href":"https:\/\/zonaroja.com.mx\/index.php?rest_route=%2Fwp%2Fv2%2Fcategories&post=22858"},{"taxonomy":"post_tag","embeddable":true,"href":"https:\/\/zonaroja.com.mx\/index.php?rest_route=%2Fwp%2Fv2%2Ftags&post=22858"}],"curies":[{"name":"wp","href":"https:\/\/api.w.org\/{rel}","templated":true}]}}