{"id":22862,"date":"2021-01-26T20:59:51","date_gmt":"2021-01-27T02:59:51","guid":{"rendered":"http:\/\/www.zonaroja.com.mx\/?p=22862"},"modified":"2021-01-26T20:59:54","modified_gmt":"2021-01-27T02:59:54","slug":"alcaldesa-de-san-jose-independencia-oaxaca-confirma-ataque-armado","status":"publish","type":"post","link":"https:\/\/zonaroja.com.mx\/?p=22862","title":{"rendered":"Alcaldesa de San Jos\u00e9 Independencia, Oaxaca, confirma ataque armado"},"content":{"rendered":"\n<p>Yuridiana Sosa\/Zona Roja.<\/p>\n\n\n\n<p>San Juan Bautista Tuxtepec, Oax., 26 de enero de 2021.- Ante el ataque armado contra el palacio municipal de San Jos\u00e9 Independencia, en la regi\u00f3n de la Cuenca de Oaxaca, la presidenta municipal, Agar Cancino G\u00f3mez, exigi\u00f3 la intervenci\u00f3n del Gobierno del Estado, para restablecer la paz en su comunidad.<\/p>\n\n\n\n<p>A trav\u00e9s de un video, en la cuenta oficial de Facebook del ayuntamiento, la alcaldesa conform\u00f3 la agresi\u00f3n registrada la tarde del lunes y apunt\u00f3 que en otras ocasiones tambi\u00e9n ha sido amenazada, sin embargo, asegur\u00f3 \u201cno nos intimida y actuaremos en el marco de la ley hasta las \u00faltimas consecuencias\u201d.<\/p>\n\n\n\n<figure class=\"wp-block-embed-twitter wp-block-embed is-type-rich is-provider-twitter\"><div class=\"wp-block-embed__wrapper\">\n<div class=\"twitter-tweet\"><blockquote class=\"twitter-tweet\" data-lang=\"es\"><p lang=\"es\" dir=\"ltr\"><a href=\"https:\/\/twitter.com\/hashtag\/OaxacaRojo?src=hash&amp;ref_src=twsrc%5Etfw\">#OaxacaRojo<\/a><br>\u00c1gar Cancino G\u00f3mez, presidenta municipal de San Jos\u00e9 Independencia, en la regi\u00f3n <a href=\"https:\/\/twitter.com\/hashtag\/Cuenca?src=hash&amp;ref_src=twsrc%5Etfw\">#Cuenca<\/a> de <a href=\"https:\/\/twitter.com\/hashtag\/Oaxaca?src=hash&amp;ref_src=twsrc%5Etfw\">#Oaxaca<\/a>, confirm\u00f3 la balacera de ayer en el palacio de dicha comunidad y exigi\u00f3 la intervenci\u00f3n de las autoridades de seguridad y procuraci\u00f3n de justicia del <a href=\"https:\/\/twitter.com\/GobOax?ref_src=twsrc%5Etfw\">@GobOax<\/a>. <a href=\"https:\/\/t.co\/d00bURSnoZ\">pic.twitter.com\/d00bURSnoZ<\/a><\/p>&mdash; Zona Roja Oaxaca (@MexRoja) <a href=\"https:\/\/twitter.com\/MexRoja\/status\/1354241866670219267?ref_src=twsrc%5Etfw\">27 de enero de 2021<\/a><\/blockquote><\/div>\n<\/div><\/figure>\n\n\n\n<p>La presidenta demand\u00f3 al gobernador Alejandro Murat y a los titulares de la Fiscal\u00eda General del Estado, Rub\u00e9n Vasconcelos, y de la Secretar\u00eda de Seguridad P\u00fablica, Ra\u00fal Ernesto Salcedo, intervenir ante la crisis que vive su municipio, derivado del \u201colvido y falta de atenci\u00f3n\u201d.<\/p>\n\n\n\n<p>\u201cHace unas horas fuimos v\u00edctimas de un atentado de un grupo delictivo que pretende violentar las leyes o pretende beneficiarse de las campa\u00f1as electorales, sin embargo, nuestro gobierno prevalecer\u00e1 aplicando las leyes contra quienes afectan a la poblaci\u00f3n, es decir, contra los que cometieron actos cobardes\u201d, enfatiz\u00f3.<\/p>\n\n\n\n<p>La edil tambi\u00e9n pidi\u00f3 a la comunidad, ubicada colindante a la presa \u201cMiguel Alem\u00e1n\u201d, resguardarse y mantener la calma.<\/p>\n","protected":false},"excerpt":{"rendered":"<p>Yuridiana Sosa\/Zona Roja. San Juan Bautista Tuxtepec, Oax., 26 de enero de 2021.- Ante el&hellip;<\/p>\n","protected":false},"author":2,"featured_media":22863,"comment_status":"closed","ping_status":"open","sticky":false,"template":"","format":"standard","meta":{"_lmt_disableupdate":"","_lmt_disable":"","_jetpack_memberships_contains_paid_content":false,"footnotes":""},"categories":[109,47],"tags":[2402],"class_list":["post-22862","post","type-post","status-publish","format-standard","has-post-thumbnail","hentry","category-minuto-a-minuto","category-zona-gris","tag-san-jose-independencia"],"jetpack_featured_media_url":"https:\/\/zonaroja.com.mx\/wp-content\/uploads\/2021\/01\/San-Jose-Independencia.jpg","jetpack_sharing_enabled":true,"_links":{"self":[{"href":"https:\/\/zonaroja.com.mx\/index.php?rest_route=\/wp\/v2\/posts\/22862","targetHints":{"allow":["GET"]}}],"collection":[{"href":"https:\/\/zonaroja.com.mx\/index.php?rest_route=\/wp\/v2\/posts"}],"about":[{"href":"https:\/\/zonaroja.com.mx\/index.php?rest_route=\/wp\/v2\/types\/post"}],"author":[{"embeddable":true,"href":"https:\/\/zonaroja.com.mx\/index.php?rest_route=\/wp\/v2\/users\/2"}],"replies":[{"embeddable":true,"href":"https:\/\/zonaroja.com.mx\/index.php?rest_route=%2Fwp%2Fv2%2Fcomments&post=22862"}],"version-history":[{"count":1,"href":"https:\/\/zonaroja.com.mx\/index.php?rest_route=\/wp\/v2\/posts\/22862\/revisions"}],"predecessor-version":[{"id":22864,"href":"https:\/\/zonaroja.com.mx\/index.php?rest_route=\/wp\/v2\/posts\/22862\/revisions\/22864"}],"wp:featuredmedia":[{"embeddable":true,"href":"https:\/\/zonaroja.com.mx\/index.php?rest_route=\/wp\/v2\/media\/22863"}],"wp:attachment":[{"href":"https:\/\/zonaroja.com.mx\/index.php?rest_route=%2Fwp%2Fv2%2Fmedia&parent=22862"}],"wp:term":[{"taxonomy":"category","embeddable":true,"href":"https:\/\/zonaroja.com.mx\/index.php?rest_route=%2Fwp%2Fv2%2Fcategories&post=22862"},{"taxonomy":"post_tag","embeddable":true,"href":"https:\/\/zonaroja.com.mx\/index.php?rest_route=%2Fwp%2Fv2%2Ftags&post=22862"}],"curies":[{"name":"wp","href":"https:\/\/api.w.org\/{rel}","templated":true}]}}