{"id":22865,"date":"2021-01-26T21:22:49","date_gmt":"2021-01-27T03:22:49","guid":{"rendered":"http:\/\/www.zonaroja.com.mx\/?p=22865"},"modified":"2021-01-26T21:22:58","modified_gmt":"2021-01-27T03:22:58","slug":"oaxaca-decimo-estado-mas-poblado-en-mexico-hay-4-1-millones-de-oaxaquenos","status":"publish","type":"post","link":"https:\/\/zonaroja.com.mx\/?p=22865","title":{"rendered":"Oaxaca, d\u00e9cimo estado m\u00e1s poblado en M\u00e9xico; hay 4.1 millones de oaxaque\u00f1os"},"content":{"rendered":"\n<p>Yuridiana Sosa\/Zona Roja.<\/p>\n\n\n\n<p>Oaxaca de Ju\u00e1rez, Oax., 26 de enero de 2021.- El Censo 2020 del Instituto Nacional de Estad\u00edstica y Geograf\u00eda (Inegi) revel\u00f3 que en Oaxaca habitan cuatro millones, 132 mil 148 personas, con una poblaci\u00f3n mayor en el promedio de edad de los 28 a\u00f1os, y un total de 52.2 por ciento mujeres y 47.8 por ciento varones.<\/p>\n\n\n\n<p>La cifra de habitantes coloca a Oaxaca en la d\u00e9cima entidad m\u00e1s poblada del pa\u00eds, mismo sitio que en el 2010 con 3.8 millones de personas, indic\u00f3 el orgnismo, luego del cierre de datos de la encuesta efectuada en marzo de 2020, el cual por primera vez se ocuparon dispositivos de c\u00f3mputo m\u00f3viles, captura de informaci\u00f3n v\u00eda internet y telef\u00f3nica.<\/p>\n\n\n\n<p>El municipio de Oaxaca de Ju\u00e1rez, en Valles Centrales, es el m\u00e1s poblado con 270 mil 955 personas y el menos habitado es Santa Magdalena Jicotl\u00e1n, en la regi\u00f3n Mixteca, con 81 habitantes.<\/p>\n\n\n\n<p>Mientras que de la poblaci\u00f3n residente en el estado, 22 mil 659 habitantes nacieron en otro pa\u00eds, 19 mil 162 personas nacieron en Estados Unidos, 429 personas de la Rep\u00fablica de Honduras y 363 originarios de la Rep\u00fablica de Guatemala.<\/p>\n\n\n\n<p>PARTICIPACI\u00d3N<\/p>\n\n\n\n<p>La poblaci\u00f3n econ\u00f3micamente activa en 2020, de 12 y m\u00e1s a\u00f1os,&nbsp; fue de 57 de cada 100 personas de las que 72.2 por ciento son hombres y 43.1 por ciento mujeres.<\/p>\n\n\n\n<p>Durante el a\u00f1o pasado se registr\u00f3 que 20.4 por ciento de la poblaci\u00f3n en la entidad tiene alguna limitaci\u00f3n en la actividad cotidiana, discapacidad o alg\u00fan problema o condici\u00f3n mental.<\/p>\n\n\n\n<p>EDUCACI\u00d3N, SALUD E IDENTIDAD<\/p>\n\n\n\n<p>La tasa de analfabetismo pas\u00f3 de 16.3 por ciento en 2010 a 11.8 por ciento en 2020, mientras que el grado promedio de escolaridad aument\u00f3 al pasar de 6.9 en 2010 a 8.1 en 2020.<\/p>\n\n\n\n<p>En Oaxaca, la poblaci\u00f3n hablante de alguna lengua ind\u00edgena -de tres a\u00f1os y m\u00e1s- disminuy\u00f3 en 10 a\u00f1os, al registrarse en 2020 un mill\u00f3n 221 mil 555 personas , es decir, 31.2 por ciento de la poblaci\u00f3n, mientras que en 2010 fue del 33.8 por ciento.<\/p>\n\n\n\n<p>Respecto a la identidad cultural, el 4.7 por ciento se autorreconoce como afromexicana o afrodescendiente, lo que corresponde a 194 mil 474 personas.<\/p>\n\n\n\n<p>La afiliaci\u00f3n a un servicio de salud tambi\u00e9n aument\u00f3 en una d\u00e9cada, con 56 por ciento de la poblaci\u00f3n en 2010 y 70.3 por ciento en 2020.<\/p>\n\n\n\n<p>Durante el 2020 disminuy\u00f3 ligeramente el promedio de beb\u00e9s nacidos vivos, de mujeres de 12 y m\u00e1s a\u00f1os, con 2.4 hijos contra 2.9 en 2010.<\/p>\n\n\n\n<p>En el 2000, el promedio de hijas e hijos nacidos vivos de las mujeres de 12 a\u00f1os y m\u00e1s era de 2.9; en 2010 fue de 2.6 y en 2020 es de 2.4 hijas e hijos nacidos vivos por mujer.<\/p>\n\n\n\n<p>VIVIENDA Y TECNOLOG\u00cdA<\/p>\n\n\n\n<p>El promedio de ocupantes por vivienda decreci\u00f3, al pasar de cuatro en 2010 a 3.7 en 2020, mientras que el n\u00famero de viviendas es de un mill\u00f3n 125 mil 892, de 941 mil 536 hace 10 a\u00f1os.<\/p>\n\n\n\n<p>El servicio de agua entubada creci\u00f3 de 65.5 por ciento a 89.9 por ciento entre el 2010 y 2020.<\/p>\n\n\n\n<p>As\u00ed como tambi\u00e9n aument\u00f3 la disponibilidad de tel\u00e9fonos celulares en las viviendas, de 39.6 a 72.4 por ciento internet; las computadoras por casa pasaron de 7.8 a 29.4 por ciento; laptops de 14.4 a 20.4 por ciento. En contraste las l\u00edneas telef\u00f3nicas fijas descendieron de 20.7 a 19.9 por ciento.<\/p>\n","protected":false},"excerpt":{"rendered":"<p>Yuridiana Sosa\/Zona Roja. Oaxaca de Ju\u00e1rez, Oax., 26 de enero de 2021.- El Censo 2020&hellip;<\/p>\n","protected":false},"author":2,"featured_media":20781,"comment_status":"closed","ping_status":"open","sticky":false,"template":"","format":"standard","meta":{"_lmt_disableupdate":"","_lmt_disable":"","_jetpack_memberships_contains_paid_content":false,"footnotes":""},"categories":[109,46],"tags":[1520],"class_list":["post-22865","post","type-post","status-publish","format-standard","has-post-thumbnail","hentry","category-minuto-a-minuto","category-zona-blanca","tag-censo-2020-inegi"],"jetpack_featured_media_url":"https:\/\/zonaroja.com.mx\/wp-content\/uploads\/2020\/12\/Oaxaca2.jpg","jetpack_sharing_enabled":true,"_links":{"self":[{"href":"https:\/\/zonaroja.com.mx\/index.php?rest_route=\/wp\/v2\/posts\/22865","targetHints":{"allow":["GET"]}}],"collection":[{"href":"https:\/\/zonaroja.com.mx\/index.php?rest_route=\/wp\/v2\/posts"}],"about":[{"href":"https:\/\/zonaroja.com.mx\/index.php?rest_route=\/wp\/v2\/types\/post"}],"author":[{"embeddable":true,"href":"https:\/\/zonaroja.com.mx\/index.php?rest_route=\/wp\/v2\/users\/2"}],"replies":[{"embeddable":true,"href":"https:\/\/zonaroja.com.mx\/index.php?rest_route=%2Fwp%2Fv2%2Fcomments&post=22865"}],"version-history":[{"count":1,"href":"https:\/\/zonaroja.com.mx\/index.php?rest_route=\/wp\/v2\/posts\/22865\/revisions"}],"predecessor-version":[{"id":22866,"href":"https:\/\/zonaroja.com.mx\/index.php?rest_route=\/wp\/v2\/posts\/22865\/revisions\/22866"}],"wp:featuredmedia":[{"embeddable":true,"href":"https:\/\/zonaroja.com.mx\/index.php?rest_route=\/wp\/v2\/media\/20781"}],"wp:attachment":[{"href":"https:\/\/zonaroja.com.mx\/index.php?rest_route=%2Fwp%2Fv2%2Fmedia&parent=22865"}],"wp:term":[{"taxonomy":"category","embeddable":true,"href":"https:\/\/zonaroja.com.mx\/index.php?rest_route=%2Fwp%2Fv2%2Fcategories&post=22865"},{"taxonomy":"post_tag","embeddable":true,"href":"https:\/\/zonaroja.com.mx\/index.php?rest_route=%2Fwp%2Fv2%2Ftags&post=22865"}],"curies":[{"name":"wp","href":"https:\/\/api.w.org\/{rel}","templated":true}]}}