{"id":22870,"date":"2021-01-27T07:34:53","date_gmt":"2021-01-27T13:34:53","guid":{"rendered":"http:\/\/www.zonaroja.com.mx\/?p=22870"},"modified":"2021-01-27T07:34:56","modified_gmt":"2021-01-27T13:34:56","slug":"asesinan-a-cuatro-personas-en-24-horas-en-oaxaca","status":"publish","type":"post","link":"https:\/\/zonaroja.com.mx\/?p=22870","title":{"rendered":"Asesinan a cuatro personas en 24 horas, en Oaxaca"},"content":{"rendered":"\n<p>Ismael Garc\u00eda M.\/Zona Roja.<\/p>\n\n\n\n<p>Oaxaca de Ju\u00e1rez, Oax., 27 de enero de 2021.- En 24 horas, cuatro personas fueron asesinadas en Oaxaca, la mayor\u00eda por disparo de arma de fuego, cr\u00edmenes perpetrados en las regiones Istmo, Cuenca, Sierra Sur y Valles Centrales.<\/p>\n\n\n\n<p>En los primeros minutos de este mi\u00e9rcoles, fue ultimado con arma blanca un individuo en la colonia Renacimiento, de la agencia Vicente Guerrero de la Villa de Zaachila; hasta el momento no ha sido identificado.<\/p>\n\n\n\n<p>Ayer por la tarde, a un costado de la supercarretera Tehuantepec-Mitla, en inmediaciones de Santiago Lachiguiri, fue hallado el cuerpo sin vida del contratista Jos\u00e9 Alberto Z. J., de 31 a\u00f1os de edad, y originario de Santa Mar\u00eda Mixtequilla.<\/p>\n\n\n\n<p>Su cuerpo presentaba varios disparos de arma de fuego y huellas de tortura.<\/p>\n\n\n\n<p>Mientras que por la ma\u00f1ana de ayer martes, fue ejecutado un joven, Yair L. H., de 18 a\u00f1os de edad, en la calle Puebla esquina con Jalisco de la colonia M\u00e9xico, en el municipio cuenque\u00f1o de Loma Bonita.<\/p>\n\n\n\n<p>En tanto que la noche del martes, fue asesinado a balazos otro joven, en la calle Zaragoza esquina con Nicol\u00e1s R\u00e9gules, del centro de Miahuatl\u00e1n de Porfirio D\u00edaz, en la regi\u00f3n Sierra Sur.<\/p>\n\n\n\n<p>La v\u00edctima fue identificada \u00fanicamente como Jes\u00fas; otra persona m\u00e1s result\u00f3 lesionada, quien fue identificada con las iniciales de N. R. R. En todos los casos no hay personas detenidas.<\/p>\n","protected":false},"excerpt":{"rendered":"<p>Ismael Garc\u00eda M.\/Zona Roja. Oaxaca de Ju\u00e1rez, Oax., 27 de enero de 2021.- En 24&hellip;<\/p>\n","protected":false},"author":2,"featured_media":18319,"comment_status":"closed","ping_status":"open","sticky":false,"template":"","format":"standard","meta":{"_lmt_disableupdate":"","_lmt_disable":"","_jetpack_memberships_contains_paid_content":false,"footnotes":""},"categories":[109,51],"tags":[1564],"class_list":["post-22870","post","type-post","status-publish","format-standard","has-post-thumbnail","hentry","category-minuto-a-minuto","category-zona-roja","tag-asesinatos-oaxaca"],"jetpack_featured_media_url":"https:\/\/zonaroja.com.mx\/wp-content\/uploads\/2020\/10\/Escena-del-crimen3.jpg","jetpack_sharing_enabled":true,"_links":{"self":[{"href":"https:\/\/zonaroja.com.mx\/index.php?rest_route=\/wp\/v2\/posts\/22870","targetHints":{"allow":["GET"]}}],"collection":[{"href":"https:\/\/zonaroja.com.mx\/index.php?rest_route=\/wp\/v2\/posts"}],"about":[{"href":"https:\/\/zonaroja.com.mx\/index.php?rest_route=\/wp\/v2\/types\/post"}],"author":[{"embeddable":true,"href":"https:\/\/zonaroja.com.mx\/index.php?rest_route=\/wp\/v2\/users\/2"}],"replies":[{"embeddable":true,"href":"https:\/\/zonaroja.com.mx\/index.php?rest_route=%2Fwp%2Fv2%2Fcomments&post=22870"}],"version-history":[{"count":1,"href":"https:\/\/zonaroja.com.mx\/index.php?rest_route=\/wp\/v2\/posts\/22870\/revisions"}],"predecessor-version":[{"id":22871,"href":"https:\/\/zonaroja.com.mx\/index.php?rest_route=\/wp\/v2\/posts\/22870\/revisions\/22871"}],"wp:featuredmedia":[{"embeddable":true,"href":"https:\/\/zonaroja.com.mx\/index.php?rest_route=\/wp\/v2\/media\/18319"}],"wp:attachment":[{"href":"https:\/\/zonaroja.com.mx\/index.php?rest_route=%2Fwp%2Fv2%2Fmedia&parent=22870"}],"wp:term":[{"taxonomy":"category","embeddable":true,"href":"https:\/\/zonaroja.com.mx\/index.php?rest_route=%2Fwp%2Fv2%2Fcategories&post=22870"},{"taxonomy":"post_tag","embeddable":true,"href":"https:\/\/zonaroja.com.mx\/index.php?rest_route=%2Fwp%2Fv2%2Ftags&post=22870"}],"curies":[{"name":"wp","href":"https:\/\/api.w.org\/{rel}","templated":true}]}}