{"id":22872,"date":"2021-01-27T08:04:51","date_gmt":"2021-01-27T14:04:51","guid":{"rendered":"http:\/\/www.zonaroja.com.mx\/?p=22872"},"modified":"2021-01-27T08:04:55","modified_gmt":"2021-01-27T14:04:55","slug":"mueren-tres-ediles-de-oaxaca-por-covid-19-van-13-casos","status":"publish","type":"post","link":"https:\/\/zonaroja.com.mx\/?p=22872","title":{"rendered":"Mueren tres ediles de Oaxaca por Covid-19; van 13 casos"},"content":{"rendered":"\n<p>Redacci\u00f3n\/Zona Roja.<\/p>\n\n\n\n<p>Oaxaca de Ju\u00e1rez, Oax., 27 de enero de 2021.- En 48 horas, tres presidentes municipales de Oaxaca han perdido la vida a causa del Covid-19; en 10 meses de pandemia, suman 13 ediles muertos.<\/p>\n\n\n\n<p>El m\u00e1s reciente caso ocurri\u00f3 ayer con Efra\u00edn L\u00e1zaro, primer concejal de San Juan Tamazola, en la regi\u00f3n Mixteca de Oaxaca.<\/p>\n\n\n\n<p>El pasado lunes se registraron los decesos de Leonilo Ruiz Mart\u00ednez, edil de Candelaria Loxicha, regi\u00f3n de la Costa, y Jos\u00e9 Yolando Jarqu\u00edn Bustamante, de Sitio de Xitlapehua, de la regi\u00f3n Sierra Sur.<\/p>\n\n\n\n<p>De marzo a la fecha, en que inici\u00f3 la pandemia, tambi\u00e9n han muerto los presidentes de San Baltazar Chichic\u00e1pam, Florencio San Germ\u00e1n; Artemio Ortiz Ric\u00e1rdez de Tamazul\u00e1pam del Esp\u00edritu Santo; Fernando Bautista D\u00e1vila, de San Juan Bautista Tuxtepec<\/p>\n\n\n\n<p>Asimismo, Alfredo Ju\u00e1rez Mat\u00edas, de Mat\u00edas Romero; Pedro Esc\u00e1rcega P\u00e9rez, de Santiago Jocotepec; Victoriano G\u00f3mez Mart\u00ednez, de San Bartolom\u00e9 Quialana y Daniel Hern\u00e1ndez Hern\u00e1ndez, de San Miguel del R\u00edo.<\/p>\n\n\n\n<p>Adem\u00e1s, Pedro Modesto Santos, de Santa Cruz Xitla; Sim\u00f3n Baz\u00e1n M\u00e9ndez, de San Sim\u00f3n Zahuatl\u00e1n, y Javier Santiago Ruiz, de Reyes, Etla.<\/p>\n\n\n\n<p>Tambi\u00e9n a inicio de esta semana murieron Arturo P\u00e9rez P\u00e9rez, s\u00edndico municipal de Ixtl\u00e1n de Ju\u00e1rez, en la Sierra Ju\u00e1rez; Aristeo Filio Gonz\u00e1lez, s\u00edndico de Mazatl\u00e1n Villa de Flores, Andr\u00e9s L\u00f3pez Pineda, regidor de Hacienda en San Francisco Ixhuat\u00e1n.<\/p>\n","protected":false},"excerpt":{"rendered":"<p>Redacci\u00f3n\/Zona Roja. Oaxaca de Ju\u00e1rez, Oax., 27 de enero de 2021.- En 48 horas, tres&hellip;<\/p>\n","protected":false},"author":2,"featured_media":22205,"comment_status":"closed","ping_status":"open","sticky":false,"template":"","format":"standard","meta":{"_lmt_disableupdate":"","_lmt_disable":"","_jetpack_memberships_contains_paid_content":false,"footnotes":""},"categories":[109,47],"tags":[1512],"class_list":["post-22872","post","type-post","status-publish","format-standard","has-post-thumbnail","hentry","category-minuto-a-minuto","category-zona-gris","tag-coronavirus-oaxaca"],"jetpack_featured_media_url":"https:\/\/zonaroja.com.mx\/wp-content\/uploads\/2021\/01\/Fallecidos-Covid.jpg","jetpack_sharing_enabled":true,"_links":{"self":[{"href":"https:\/\/zonaroja.com.mx\/index.php?rest_route=\/wp\/v2\/posts\/22872","targetHints":{"allow":["GET"]}}],"collection":[{"href":"https:\/\/zonaroja.com.mx\/index.php?rest_route=\/wp\/v2\/posts"}],"about":[{"href":"https:\/\/zonaroja.com.mx\/index.php?rest_route=\/wp\/v2\/types\/post"}],"author":[{"embeddable":true,"href":"https:\/\/zonaroja.com.mx\/index.php?rest_route=\/wp\/v2\/users\/2"}],"replies":[{"embeddable":true,"href":"https:\/\/zonaroja.com.mx\/index.php?rest_route=%2Fwp%2Fv2%2Fcomments&post=22872"}],"version-history":[{"count":1,"href":"https:\/\/zonaroja.com.mx\/index.php?rest_route=\/wp\/v2\/posts\/22872\/revisions"}],"predecessor-version":[{"id":22873,"href":"https:\/\/zonaroja.com.mx\/index.php?rest_route=\/wp\/v2\/posts\/22872\/revisions\/22873"}],"wp:featuredmedia":[{"embeddable":true,"href":"https:\/\/zonaroja.com.mx\/index.php?rest_route=\/wp\/v2\/media\/22205"}],"wp:attachment":[{"href":"https:\/\/zonaroja.com.mx\/index.php?rest_route=%2Fwp%2Fv2%2Fmedia&parent=22872"}],"wp:term":[{"taxonomy":"category","embeddable":true,"href":"https:\/\/zonaroja.com.mx\/index.php?rest_route=%2Fwp%2Fv2%2Fcategories&post=22872"},{"taxonomy":"post_tag","embeddable":true,"href":"https:\/\/zonaroja.com.mx\/index.php?rest_route=%2Fwp%2Fv2%2Ftags&post=22872"}],"curies":[{"name":"wp","href":"https:\/\/api.w.org\/{rel}","templated":true}]}}