{"id":22874,"date":"2021-01-27T08:14:46","date_gmt":"2021-01-27T14:14:46","guid":{"rendered":"http:\/\/www.zonaroja.com.mx\/?p=22874"},"modified":"2021-01-27T08:14:50","modified_gmt":"2021-01-27T14:14:50","slug":"eran-migrantes-los-calcinados-en-tamaulipas-reprocha-la-onu-la-masacre","status":"publish","type":"post","link":"https:\/\/zonaroja.com.mx\/?p=22874","title":{"rendered":"Eran migrantes los calcinados en Tamaulipas; reprocha la ONU la masacre"},"content":{"rendered":"\n<p>Redacci\u00f3n\/Zona Roja Cdmx.<\/p>\n\n\n\n<p>Ciudad de M\u00e9xico, 27 de enero de 2021.- La Oficina en M\u00e9xico del Alto Comisionado de las Naciones Unidas para los Derechos Humanos compar\u00f3 el hallazgo de este fin de semana de 19 cuerpos calcinados en Tamaulipas, presumiblemente migrantes guatemaltecos en su mayor\u00eda, con la masacre de San Fernando de 2010, donde fueron asesinados 72 migrantes.<\/p>\n\n\n\n<p>\u201cEstamos profundamente preocupados por los hechos reportados por distintos medios sobre el hallazgo de 19 personas calcinadas en Tamaulipas. De acuerdo con la informaci\u00f3n recibida, al menos varias de las v\u00edctimas ser\u00edan guatemaltecas\u201d, apunt\u00f3 mediante un bolet\u00edn el representante M\u00e9xico, Guillermo Fern\u00e1ndez-Maldonado.<\/p>\n\n\n\n<p>\u201cEstos hechos recuerdan a las masacres ocurridas en San Fernando, Tamaulipas, en 2010, y Cadereyta, Nuevo Le\u00f3n, en 2012, donde los familiares de las v\u00edctimas siguen en b\u00fasqueda de verdad, justicia y reparaci\u00f3n\u201d, se\u00f1al\u00f3 la ONU-DH.<\/p>\n\n\n\n<p>El funcionario destac\u00f3 que \u201cla falta de alternativas para una migraci\u00f3n realmente segura, ordenada y regular orilla a las personas migrantes a recurrir a traficantes de personas o a rutas peligrosas\u201d, y esto los lleva a ser posibles v\u00edctimas de \u201cgraves violaciones\u201d de los derechos humanos.<\/p>\n\n\n\n<p>Por su parte el vicepresidente de Guatemala, Guillermo Reyes, conden\u00f3 la masacre este fin de semana: \u201cEstamos muy preocupados, realmente, por esa situaci\u00f3n, lamentamos lo que est\u00e1 ocurriendo\u201d.<\/p>\n\n\n\n<p>Reyes aclar\u00f3 que, luego de que todav\u00eda no logra identificarse plenamente a las personas calcinadas, el gobierno guatemalteco est\u00e1 pendiente de nueva informaci\u00f3n que d\u00e9 claridad en el caso.<\/p>\n\n\n\n<p>Aunque en M\u00e9xico se llevan a cabo las investigaciones necesarias, as\u00ed como la toma de muestras de ADN de los restos para lograr identificar a las v\u00edctimas, tanto el Ministerio de Relaciones Exteriores, como el diputado de Guatemala Douglas Rivero, llevan a cabo los protocolos oficiales para que, en caso de ser compatible el ADN de las familias que reclaman los cuerpos de las v\u00edctimas, los restos sean repatriados a la brevedad.<\/p>\n\n\n\n<p>(Informaci\u00f3n de \u201cMilenio Diario\u201d)<\/p>\n","protected":false},"excerpt":{"rendered":"<p>Redacci\u00f3n\/Zona Roja Cdmx. Ciudad de M\u00e9xico, 27 de enero de 2021.- La Oficina en M\u00e9xico&hellip;<\/p>\n","protected":false},"author":2,"featured_media":22758,"comment_status":"closed","ping_status":"open","sticky":false,"template":"","format":"standard","meta":{"_lmt_disableupdate":"","_lmt_disable":"","_jetpack_memberships_contains_paid_content":false,"footnotes":""},"categories":[109,47],"tags":[2393],"class_list":["post-22874","post","type-post","status-publish","format-standard","has-post-thumbnail","hentry","category-minuto-a-minuto","category-zona-gris","tag-calcinados-tamaulipas"],"jetpack_featured_media_url":"https:\/\/zonaroja.com.mx\/wp-content\/uploads\/2021\/01\/Calcinados-Tamaulipas.jpg","jetpack_sharing_enabled":true,"_links":{"self":[{"href":"https:\/\/zonaroja.com.mx\/index.php?rest_route=\/wp\/v2\/posts\/22874","targetHints":{"allow":["GET"]}}],"collection":[{"href":"https:\/\/zonaroja.com.mx\/index.php?rest_route=\/wp\/v2\/posts"}],"about":[{"href":"https:\/\/zonaroja.com.mx\/index.php?rest_route=\/wp\/v2\/types\/post"}],"author":[{"embeddable":true,"href":"https:\/\/zonaroja.com.mx\/index.php?rest_route=\/wp\/v2\/users\/2"}],"replies":[{"embeddable":true,"href":"https:\/\/zonaroja.com.mx\/index.php?rest_route=%2Fwp%2Fv2%2Fcomments&post=22874"}],"version-history":[{"count":1,"href":"https:\/\/zonaroja.com.mx\/index.php?rest_route=\/wp\/v2\/posts\/22874\/revisions"}],"predecessor-version":[{"id":22875,"href":"https:\/\/zonaroja.com.mx\/index.php?rest_route=\/wp\/v2\/posts\/22874\/revisions\/22875"}],"wp:featuredmedia":[{"embeddable":true,"href":"https:\/\/zonaroja.com.mx\/index.php?rest_route=\/wp\/v2\/media\/22758"}],"wp:attachment":[{"href":"https:\/\/zonaroja.com.mx\/index.php?rest_route=%2Fwp%2Fv2%2Fmedia&parent=22874"}],"wp:term":[{"taxonomy":"category","embeddable":true,"href":"https:\/\/zonaroja.com.mx\/index.php?rest_route=%2Fwp%2Fv2%2Fcategories&post=22874"},{"taxonomy":"post_tag","embeddable":true,"href":"https:\/\/zonaroja.com.mx\/index.php?rest_route=%2Fwp%2Fv2%2Ftags&post=22874"}],"curies":[{"name":"wp","href":"https:\/\/api.w.org\/{rel}","templated":true}]}}