{"id":22880,"date":"2021-01-27T15:16:25","date_gmt":"2021-01-27T21:16:25","guid":{"rendered":"http:\/\/www.zonaroja.com.mx\/?p=22880"},"modified":"2021-01-27T15:16:29","modified_gmt":"2021-01-27T21:16:29","slug":"familiares-de-fallecido-y-herido-por-accidente-exigen-a-fiscalia-de-oaxaca-justicia","status":"publish","type":"post","link":"https:\/\/zonaroja.com.mx\/?p=22880","title":{"rendered":"Familiares de fallecido y herido por accidente exigen a Fiscal\u00eda de Oaxaca justicia"},"content":{"rendered":"\n<p>Yuridiana Sosa\/Zona Roja.<\/p>\n\n\n\n<p>Oaxaca de Ju\u00e1rez, Oax., 27 de enero de 2021.- A casi dos semanas del accidente vehicular en la capital, donde un joven perdi\u00f3 la vida y otro result\u00f3 lesionado, las familias de las v\u00edctimas exigieron a la Fiscal\u00eda General de Oaxaca ejercer justicia contra el probable responsable, un funcionario del Gobierno del Estado.<\/p>\n\n\n\n<p>De acuerdo con la familia del joven Miguel \u00c1ngel Hern\u00e1ndez, el presunto responsable se identific\u00f3 como Hassan Victoria Pinacho, jefe del Departamento de Informaci\u00f3n y Estad\u00edstica de la Secretar\u00eda de las Infraestructuras y el Ordenamiento Territorial Sustentable (Sinfra), a quien tambi\u00e9n le demandaron hacerse cargo de los gastos hospitalarios y cirug\u00edas que ascienden a los 270 mil pesos.<\/p>\n\n\n\n<p>El accidente vehicular se registr\u00f3 en los primeros minutos del s\u00e1bado 16 de enero, sobre la calzada Ni\u00f1os H\u00e9roes de Chapultepec en la capital de estado cuando el conductor de un autom\u00f3vil marca Kia arroll\u00f3 a los ocupantes de una motocicleta.<\/p>\n\n\n\n<p>Ante el percance, el conductor del veh\u00edculo huy\u00f3 del lugar, pero debido a que conduc\u00eda en presunto estado de ebriedad, se estamp\u00f3 contra una estructura de un hotel, en la carretera al cerro del Fort\u00edn.<\/p>\n\n\n\n<p>Diego, uno de los ocupantes de la motocicleta, falleci\u00f3 ante el brutal golpe, mientras que Miguel \u00c1ngel Hern\u00e1ndez ha sido sometido a cuatro cirug\u00edas por las diversas lesiones recibidas, detall\u00f3 J\u00e9sica Gabriela Hern\u00e1ndez.<\/p>\n\n\n\n<p>A la fecha, a pesar de una denuncia y ante la gravedad de las consecuencias del accidente, la Fiscal\u00eda General de Estado no avanza en las investigaciones y se excusa en que a\u00fan no accede a las im\u00e1genes de las c\u00e1maras de videovigilancia de la zona para verificar los hechos.<\/p>\n\n\n\n<figure class=\"wp-block-embed-twitter wp-block-embed is-type-rich is-provider-twitter\"><div class=\"wp-block-embed__wrapper\">\n<div class=\"twitter-tweet\"><blockquote class=\"twitter-tweet\" data-lang=\"es\"><p lang=\"es\" dir=\"ltr\"><a href=\"https:\/\/twitter.com\/hashtag\/ENVIVO?src=hash&amp;ref_src=twsrc%5Etfw\">#ENVIVO<\/a> <br>Oaxaca de Ju\u00e1rez, Oax., 27 de enero de 2021. Conferencia de prensa de familiares de v\u00edctimas de un accidente en la ciudad de Oaxaca. Acusan a funcionario de <a href=\"https:\/\/twitter.com\/SINFRA_GobOax?ref_src=twsrc%5Etfw\">@SINFRA_GobOax<\/a> de evadir la justicia con apoyo de autoridades. Aqu\u00ed la transmisi\u00f3n <br>\ud83d\udc47<a href=\"https:\/\/t.co\/gayow20KSY\">https:\/\/t.co\/gayow20KSY<\/a> <a href=\"https:\/\/t.co\/WxotxpsWpV\">pic.twitter.com\/WxotxpsWpV<\/a><\/p>&mdash; Zona Roja Oaxaca (@MexRoja) <a href=\"https:\/\/twitter.com\/MexRoja\/status\/1354492999468601344?ref_src=twsrc%5Etfw\">27 de enero de 2021<\/a><\/blockquote><\/div>\n<\/div><\/figure>\n\n\n\n<p>Las familias temen que por tratarse de un funcionario estatal, la Fiscal\u00eda de Oaxaca no ejerza acciones.<\/p>\n\n\n\n<p>As\u00ed tambi\u00e9n exigieron que Victoria Pinacho, a quien la Fiscal\u00eda de Oaxaca retir\u00f3 la custodia 24 horas despu\u00e9s de los hechos, se haga responsable en pagar los gastos de Miguel \u00c1ngel, de 18 a\u00f1os de edad, pues, adem\u00e1s, su familia es de escasos recursos.<\/p>\n\n\n\n<p>Ha sido sometido a diferentes cirug\u00edas, entre estas de cabeza, cadera, hombro, que se cotizan de los 50 mil, 55 mil y 95 mil pesos, adem\u00e1s de una cuenta por hospitalizaci\u00f3n que hasta ahora asciende a los de 70 mil pesos.<\/p>\n\n\n\n<p>Por su parte, Jorge Emanuel Ram\u00edrez Herrera, t\u00edo de Diego Ram\u00edrez Herrera, de 17 a\u00f1os, confirm\u00f3 la inacci\u00f3n de la justicia y pidi\u00f3 el apoyo de la sociedad y de los medios de comunicaci\u00f3n para que se haga justicia.<\/p>\n\n\n\n<p>Su sobrino fue el m\u00e1s afectado y perdi\u00f3 la vida el pasado domingo, una semana despu\u00e9s del percance; \u201cqueremos que el responsable que se haga cargo de todo, no puede ir por la vida tomando las cosas a la ligera y perjudicar a dem\u00e1s personas\u201d, dijo.<\/p>\n","protected":false},"excerpt":{"rendered":"<p>Yuridiana Sosa\/Zona Roja. Oaxaca de Ju\u00e1rez, Oax., 27 de enero de 2021.- A casi dos&hellip;<\/p>\n","protected":false},"author":2,"featured_media":22884,"comment_status":"closed","ping_status":"open","sticky":false,"template":"","format":"standard","meta":{"_lmt_disableupdate":"","_lmt_disable":"","_jetpack_memberships_contains_paid_content":false,"footnotes":""},"categories":[109,47],"tags":[2403],"class_list":["post-22880","post","type-post","status-publish","format-standard","has-post-thumbnail","hentry","category-minuto-a-minuto","category-zona-gris","tag-hassan-victoria-pinacho"],"jetpack_featured_media_url":"https:\/\/zonaroja.com.mx\/wp-content\/uploads\/2021\/01\/Hassan-Victoria.jpg","jetpack_sharing_enabled":true,"_links":{"self":[{"href":"https:\/\/zonaroja.com.mx\/index.php?rest_route=\/wp\/v2\/posts\/22880","targetHints":{"allow":["GET"]}}],"collection":[{"href":"https:\/\/zonaroja.com.mx\/index.php?rest_route=\/wp\/v2\/posts"}],"about":[{"href":"https:\/\/zonaroja.com.mx\/index.php?rest_route=\/wp\/v2\/types\/post"}],"author":[{"embeddable":true,"href":"https:\/\/zonaroja.com.mx\/index.php?rest_route=\/wp\/v2\/users\/2"}],"replies":[{"embeddable":true,"href":"https:\/\/zonaroja.com.mx\/index.php?rest_route=%2Fwp%2Fv2%2Fcomments&post=22880"}],"version-history":[{"count":1,"href":"https:\/\/zonaroja.com.mx\/index.php?rest_route=\/wp\/v2\/posts\/22880\/revisions"}],"predecessor-version":[{"id":22885,"href":"https:\/\/zonaroja.com.mx\/index.php?rest_route=\/wp\/v2\/posts\/22880\/revisions\/22885"}],"wp:featuredmedia":[{"embeddable":true,"href":"https:\/\/zonaroja.com.mx\/index.php?rest_route=\/wp\/v2\/media\/22884"}],"wp:attachment":[{"href":"https:\/\/zonaroja.com.mx\/index.php?rest_route=%2Fwp%2Fv2%2Fmedia&parent=22880"}],"wp:term":[{"taxonomy":"category","embeddable":true,"href":"https:\/\/zonaroja.com.mx\/index.php?rest_route=%2Fwp%2Fv2%2Fcategories&post=22880"},{"taxonomy":"post_tag","embeddable":true,"href":"https:\/\/zonaroja.com.mx\/index.php?rest_route=%2Fwp%2Fv2%2Ftags&post=22880"}],"curies":[{"name":"wp","href":"https:\/\/api.w.org\/{rel}","templated":true}]}}