{"id":22882,"date":"2021-01-27T13:14:14","date_gmt":"2021-01-27T19:14:14","guid":{"rendered":"https:\/\/www.zonaroja.com.mx\/?p=22882"},"modified":"2021-01-27T13:15:34","modified_gmt":"2021-01-27T19:15:34","slug":"intentan-lincharla-edil-de-sola-de-vega-denuncian-desatencion-de-gobierno","status":"publish","type":"post","link":"https:\/\/zonaroja.com.mx\/?p=22882","title":{"rendered":"Intentan lincharla edil de Sola de Vega; denuncian desatenci\u00f3n de gobierno"},"content":{"rendered":"\n<p class=\"MsoNormal\">Yuridiana Sosa\/Zona Roja.<\/p>\n\n\n\n<p class=\"MsoNormal\">Oaxaca de Ju\u00e1rez, Oax., 27 de enero de 2021.- Pobladores del municipio de Villa Sola de Vega, en la Sierra Sur, intentaron linchar hoy a su presidente municipal, Esa\u00fa N\u00fa\u00f1ez Calvo, por presuntos actos de corrupci\u00f3n y ligas con el crimen organizado. <\/p>\n\n\n\n<p class=\"MsoNormal\">Desde ayer por la tarde iniciaron movilizaciones, al tirar basura en el palacio municipal, para exigir la renuncia del edil, a quien se\u00f1alan tambi\u00e9n de posible desv\u00edo de recursos, al no existir obra p\u00fablica.<\/p>\n\n\n\n<p class=\"MsoNormal\">Los inconformes con el gobierno del edil del Partido Acci\u00f3n Nacional activaron desde anoche un bloqueo en la carretera federal 131 Oaxaca-Puerto Escondido, en el acceso a la comunidad, el cual continuar\u00e1 hasta que la Secretar\u00eda General de Gobierno los reciba y atienda la demanda.<\/p>\n\n\n\n<p class=\"MsoNormal\">Los habitantes denunciaron que en dos a\u00f1os de administraci\u00f3n las autoridades municipales no han ejecutado obra p\u00fablica, por lo que exigen la aplicaci\u00f3n de una auditor\u00eda general de los a\u00f1os 2019 y 2020 para conocer en qu\u00e9 se ha aplicado el recurso p\u00fablico.<\/p>\n\n\n\n<p class=\"MsoNormal\">Adem\u00e1s, aseveraron que N\u00fa\u00f1ez Calvo dej\u00f3 de atender las demandas de la poblaci\u00f3n mientras que \u201cprotege\u201d la delincuencia.<\/p>\n\n\n\n<p class=\"MsoNormal\">De acuerdo a los pobladores, el presidente municipal ha intervenido en liberar a dos personas, que laboran con \u00e9l, que fueron detenidas presuntamente por transportar drogas.<\/p>\n","protected":false},"excerpt":{"rendered":"<p>Yuridiana Sosa\/Zona Roja. Oaxaca de Ju\u00e1rez, Oax., 27 de enero de 2021.- Pobladores del municipio&hellip;<\/p>\n","protected":false},"author":2,"featured_media":22881,"comment_status":"closed","ping_status":"open","sticky":false,"template":"","format":"standard","meta":{"_lmt_disableupdate":"","_lmt_disable":"","_jetpack_memberships_contains_paid_content":false,"footnotes":""},"categories":[109,47],"tags":[],"class_list":["post-22882","post","type-post","status-publish","format-standard","has-post-thumbnail","hentry","category-minuto-a-minuto","category-zona-gris"],"jetpack_featured_media_url":"https:\/\/zonaroja.com.mx\/wp-content\/uploads\/2021\/01\/cb2f2179-0652-4e54-9bcb-5b9ecc467a06.jpg","jetpack_sharing_enabled":true,"_links":{"self":[{"href":"https:\/\/zonaroja.com.mx\/index.php?rest_route=\/wp\/v2\/posts\/22882","targetHints":{"allow":["GET"]}}],"collection":[{"href":"https:\/\/zonaroja.com.mx\/index.php?rest_route=\/wp\/v2\/posts"}],"about":[{"href":"https:\/\/zonaroja.com.mx\/index.php?rest_route=\/wp\/v2\/types\/post"}],"author":[{"embeddable":true,"href":"https:\/\/zonaroja.com.mx\/index.php?rest_route=\/wp\/v2\/users\/2"}],"replies":[{"embeddable":true,"href":"https:\/\/zonaroja.com.mx\/index.php?rest_route=%2Fwp%2Fv2%2Fcomments&post=22882"}],"version-history":[{"count":1,"href":"https:\/\/zonaroja.com.mx\/index.php?rest_route=\/wp\/v2\/posts\/22882\/revisions"}],"predecessor-version":[{"id":22883,"href":"https:\/\/zonaroja.com.mx\/index.php?rest_route=\/wp\/v2\/posts\/22882\/revisions\/22883"}],"wp:featuredmedia":[{"embeddable":true,"href":"https:\/\/zonaroja.com.mx\/index.php?rest_route=\/wp\/v2\/media\/22881"}],"wp:attachment":[{"href":"https:\/\/zonaroja.com.mx\/index.php?rest_route=%2Fwp%2Fv2%2Fmedia&parent=22882"}],"wp:term":[{"taxonomy":"category","embeddable":true,"href":"https:\/\/zonaroja.com.mx\/index.php?rest_route=%2Fwp%2Fv2%2Fcategories&post=22882"},{"taxonomy":"post_tag","embeddable":true,"href":"https:\/\/zonaroja.com.mx\/index.php?rest_route=%2Fwp%2Fv2%2Ftags&post=22882"}],"curies":[{"name":"wp","href":"https:\/\/api.w.org\/{rel}","templated":true}]}}