{"id":22886,"date":"2021-01-27T16:10:03","date_gmt":"2021-01-27T22:10:03","guid":{"rendered":"http:\/\/www.zonaroja.com.mx\/?p=22886"},"modified":"2021-01-27T16:10:08","modified_gmt":"2021-01-27T22:10:08","slug":"funcionaria-de-los-sso-se-dedica-a-aplicar-botox-en-lugar-de-trabajar-piden-su-renuncia","status":"publish","type":"post","link":"https:\/\/zonaroja.com.mx\/?p=22886","title":{"rendered":"Funcionaria de los SSO se dedica a aplicar botox en lugar de trabajar; piden su renuncia"},"content":{"rendered":"\n<p>Redacci\u00f3n\/Zona Roja.<\/p>\n\n\n\n<p>Oaxaca de Ju\u00e1rez, Oax., 27 de enero de 2021.- Fue nombrada en los Servicios de Salud de Oaxaca (SSO) por recomendaci\u00f3n de su t\u00edo, Ulises Cort\u00e9s Maldonado, ex dirigente del Sityps, reci\u00e9n fallecido por Covid, pero utiliza su tiempo para aplicar botox, en lugar de trabajar.<\/p>\n\n\n\n<p>ES Claudia Rodr\u00edguez Cort\u00e9s, responsable del Departamento de Ense\u00f1anza y Calidad de la dependencia, quien adem\u00e1s es se\u00f1alada de diversas irregularidades durante su gesti\u00f3n.<\/p>\n\n\n\n<p>Este mi\u00e9rcoles, las y los trabajadores de dicha \u00e1rea denunciaron las anomal\u00edas y amagaron con accionar en caso de que el titular de los SSO, Juan Carlos M\u00e1rquez Heine, no actu\u00e9 y le solicite su renuncia.<\/p>\n\n\n\n<p>Seg\u00fan han denunciado, la funcionaria contin\u00faa con sus actitudes prepotentes y desde finales del a\u00f1o pasado ha comenzado a despedir a personal de confianza, sin justificaci\u00f3n alguna, mientras que a los trabajadores de bases los hostiga.<\/p>\n\n\n\n<p>De los casos de nepotismo, se\u00f1alaron que ingres\u00f3 a laborar a su pareja sentimental a laborar, con un alto sueldo y sin acudir a su centro de trabajo.<\/p>\n\n\n\n<p>Acusaron que Claudia Rodr\u00edguez Cort\u00e9s se dedica a realizar procedimientos est\u00e9ticos en horas de trabajo, sin contar con c\u00e9dula o permiso institucional para ello, poniendo adem\u00e1s en riesgo la salud de las mujeres.<\/p>\n\n\n\n<p>Por lo que demandaron la intervenci\u00f3n del titular de los Servicios de Salud con la finalidad de que sea retirada del cargo, o en su caso tomar\u00e1n las oficinas y realizar\u00e1n una jornada de protestas.<\/p>\n","protected":false},"excerpt":{"rendered":"<p>Redacci\u00f3n\/Zona Roja. Oaxaca de Ju\u00e1rez, Oax., 27 de enero de 2021.- Fue nombrada en los&hellip;<\/p>\n","protected":false},"author":2,"featured_media":22887,"comment_status":"closed","ping_status":"open","sticky":false,"template":"","format":"standard","meta":{"_lmt_disableupdate":"","_lmt_disable":"","_jetpack_memberships_contains_paid_content":false,"footnotes":""},"categories":[109,47],"tags":[2404,1005],"class_list":["post-22886","post","type-post","status-publish","format-standard","has-post-thumbnail","hentry","category-minuto-a-minuto","category-zona-gris","tag-claudia-ramirez-cortes","tag-servicios-de-salud-de-oaxaca-sso"],"jetpack_featured_media_url":"https:\/\/zonaroja.com.mx\/wp-content\/uploads\/2021\/01\/Claudia-Rodriguez-Cortes.jpg","jetpack_sharing_enabled":true,"_links":{"self":[{"href":"https:\/\/zonaroja.com.mx\/index.php?rest_route=\/wp\/v2\/posts\/22886","targetHints":{"allow":["GET"]}}],"collection":[{"href":"https:\/\/zonaroja.com.mx\/index.php?rest_route=\/wp\/v2\/posts"}],"about":[{"href":"https:\/\/zonaroja.com.mx\/index.php?rest_route=\/wp\/v2\/types\/post"}],"author":[{"embeddable":true,"href":"https:\/\/zonaroja.com.mx\/index.php?rest_route=\/wp\/v2\/users\/2"}],"replies":[{"embeddable":true,"href":"https:\/\/zonaroja.com.mx\/index.php?rest_route=%2Fwp%2Fv2%2Fcomments&post=22886"}],"version-history":[{"count":1,"href":"https:\/\/zonaroja.com.mx\/index.php?rest_route=\/wp\/v2\/posts\/22886\/revisions"}],"predecessor-version":[{"id":22888,"href":"https:\/\/zonaroja.com.mx\/index.php?rest_route=\/wp\/v2\/posts\/22886\/revisions\/22888"}],"wp:featuredmedia":[{"embeddable":true,"href":"https:\/\/zonaroja.com.mx\/index.php?rest_route=\/wp\/v2\/media\/22887"}],"wp:attachment":[{"href":"https:\/\/zonaroja.com.mx\/index.php?rest_route=%2Fwp%2Fv2%2Fmedia&parent=22886"}],"wp:term":[{"taxonomy":"category","embeddable":true,"href":"https:\/\/zonaroja.com.mx\/index.php?rest_route=%2Fwp%2Fv2%2Fcategories&post=22886"},{"taxonomy":"post_tag","embeddable":true,"href":"https:\/\/zonaroja.com.mx\/index.php?rest_route=%2Fwp%2Fv2%2Ftags&post=22886"}],"curies":[{"name":"wp","href":"https:\/\/api.w.org\/{rel}","templated":true}]}}