{"id":22898,"date":"2021-01-27T22:00:31","date_gmt":"2021-01-28T04:00:31","guid":{"rendered":"http:\/\/www.zonaroja.com.mx\/?p=22898"},"modified":"2021-01-27T22:00:34","modified_gmt":"2021-01-28T04:00:34","slug":"medidas-cautelares-son-para-toda-la-poblacion-de-juxtlahuaca-y-no-para-unos-cuantos-cndh","status":"publish","type":"post","link":"https:\/\/zonaroja.com.mx\/?p=22898","title":{"rendered":"Medidas cautelares son para toda la poblaci\u00f3n de Juxtlahuaca y no para unos cuantos: CNDH"},"content":{"rendered":"\n<p>Evlin Arag\u00f3n\/Zona Roja.<\/p>\n\n\n\n<p>Oaxaca de Ju\u00e1rez, Oax., 27 de enero de 2021.- La Comisi\u00f3n Nacional de Derechos Humanos (CNDH) neg\u00f3 que las medidas cautelares emitidas el pasado 19 de enero, hayan sido destinadas \u00fanicamente a militantes de una organizaci\u00f3n en la zona Triqui, y por el contrario, aclar\u00f3, fueron designadas para toda la poblaci\u00f3n del municipio de Santiago Juxtlahuaca, Oaxaca.\u00a0<\/p>\n\n\n\n<p>\u201cLas medidas cautelares, como se desprende de los fundamentos que motivaron ese recurso legal, fueron solicitadas para procurar la integridad de toda la poblaci\u00f3n, no de alguna organizaci\u00f3n social o grupo pol\u00edtico en particular\u201d, expuso en un comunicado.<\/p>\n\n\n\n<p>El organismo manifest\u00f3 que ya se encuentran investigando los se\u00f1alamientos de irregularidades en la emisi\u00f3n de dichas medidas por parte de un servidor p\u00fablico, con la intenci\u00f3n de deslindar responsabilidad y aplicar sanciones conducentes en caso de haber incurrido en alg\u00fan hecho que vaya en contra de la normatividad.\u00a0\u00a0<\/p>\n\n\n\n<p>\u201cManifestamos nuestra entera disposici\u00f3n para colaborar en la investigaci\u00f3n sobre la veracidad de los presuntos hechos de violencia denunciado en diversos medios\u201d, refiere el documento.&nbsp;&nbsp;&nbsp;<\/p>\n\n\n\n<p>Expuso que la CNDH se encuentra comprometido en promover el di\u00e1logo y la concertaci\u00f3n entre el pueblo Triqui, las organizaciones sociales y los tres \u00f3rdenes de gobierno, para lograr los acuerdos necesarios que traiga consigo la seguridad y paz social que pide la poblaci\u00f3n.\u00a0<\/p>\n\n\n\n<figure class=\"wp-block-embed-twitter wp-block-embed is-type-rich is-provider-twitter\"><div class=\"wp-block-embed__wrapper\">\n<div class=\"twitter-tweet\"><blockquote class=\"twitter-tweet\" data-lang=\"es\"><p lang=\"es\" dir=\"ltr\">La <a href=\"https:\/\/twitter.com\/hashtag\/CNDH?src=hash&amp;ref_src=twsrc%5Etfw\">#CNDH<\/a> est\u00e1 en favor de una <a href=\"https:\/\/twitter.com\/hashtag\/paz?src=hash&amp;ref_src=twsrc%5Etfw\">#paz<\/a> para todas y todos en <a href=\"https:\/\/twitter.com\/hashtag\/Oaxaca?src=hash&amp;ref_src=twsrc%5Etfw\">#Oaxaca<\/a> y aclara que emiti\u00f3 <a href=\"https:\/\/twitter.com\/hashtag\/MedidasCautelares?src=hash&amp;ref_src=twsrc%5Etfw\">#MedidasCautelares<\/a> a favor de todos los habitantes del municipio de <a href=\"https:\/\/twitter.com\/hashtag\/Santiago?src=hash&amp;ref_src=twsrc%5Etfw\">#Santiago<\/a> <a href=\"https:\/\/twitter.com\/hashtag\/Juxtlahuaca?src=hash&amp;ref_src=twsrc%5Etfw\">#Juxtlahuaca<\/a>, Oaxaca, y no para alguna organizaci\u00f3n social en particular.<a href=\"https:\/\/twitter.com\/hashtag\/DefendemosAlPueblo?src=hash&amp;ref_src=twsrc%5Etfw\">#DefendemosAlPueblo<\/a> <a href=\"https:\/\/t.co\/6G1p6A0dNm\">pic.twitter.com\/6G1p6A0dNm<\/a><\/p>&mdash; CNDH en M\u00e9xico (@CNDH) <a href=\"https:\/\/twitter.com\/CNDH\/status\/1354251262691323908?ref_src=twsrc%5Etfw\">27 de enero de 2021<\/a><\/blockquote><\/div>\n<\/div><\/figure>\n\n\n\n<p>As\u00ed mismo, reconoci\u00f3 la complejidad de la problem\u00e1tica actual en las comunidades del pueblo y la regi\u00f3n Triqui, misma que asegura deviene de conflictos de origen multifactorial y que ha dado como consecuencia el reciente desplazamiento forzado de habitantes de la localidad de Tierra Blanca Copala.&nbsp;<\/p>\n\n\n\n<p>De ah\u00ed que el pasado 19 de enero solicit\u00f3 al gobierno de Oaxaca adoptar medidas cautelares que garanticen la vida, la integridad personal, el patrimonio, la seguridad p\u00fablica y la paz social de los habitantes del municipio de Santiago Juxtlahuaca.<\/p>\n\n\n\n<p>Pese a lo anterior, este fin de semana decenas de testimonios de mujeres desplazadas de la comunidad de Tierra Blanca, demostraron que de poco o nada han servido las medidas, puesto que ellas y sus familias padecen hambre y fr\u00edo al no contar con un lugar en donde vivir.&nbsp;<\/p>\n\n\n\n<p>A la zona arrib\u00f3 la periodista y activista Frida Guerrera, quien dio cuenta de la situaci\u00f3n por la que atraviesas decenas de familias, alguna de ellas doblemente desplazadas, al formar parte del grupo de personas que, en el 2010 salieron de San Juan Copala, obligadas por la violencia que tambi\u00e9n se registr\u00f3.&nbsp;<\/p>\n","protected":false},"excerpt":{"rendered":"<p>Evlin Arag\u00f3n\/Zona Roja. Oaxaca de Ju\u00e1rez, Oax., 27 de enero de 2021.- La Comisi\u00f3n Nacional&hellip;<\/p>\n","protected":false},"author":2,"featured_media":22899,"comment_status":"closed","ping_status":"open","sticky":false,"template":"","format":"standard","meta":{"_lmt_disableupdate":"","_lmt_disable":"","_jetpack_memberships_contains_paid_content":false,"footnotes":""},"categories":[109,46],"tags":[1793,1712],"class_list":["post-22898","post","type-post","status-publish","format-standard","has-post-thumbnail","hentry","category-minuto-a-minuto","category-zona-blanca","tag-comision-nacional-de-los-derechos-humanos","tag-tierra-blanca-copala"],"jetpack_featured_media_url":"https:\/\/zonaroja.com.mx\/wp-content\/uploads\/2021\/01\/CNDH-caso-triquis.png","jetpack_sharing_enabled":true,"_links":{"self":[{"href":"https:\/\/zonaroja.com.mx\/index.php?rest_route=\/wp\/v2\/posts\/22898","targetHints":{"allow":["GET"]}}],"collection":[{"href":"https:\/\/zonaroja.com.mx\/index.php?rest_route=\/wp\/v2\/posts"}],"about":[{"href":"https:\/\/zonaroja.com.mx\/index.php?rest_route=\/wp\/v2\/types\/post"}],"author":[{"embeddable":true,"href":"https:\/\/zonaroja.com.mx\/index.php?rest_route=\/wp\/v2\/users\/2"}],"replies":[{"embeddable":true,"href":"https:\/\/zonaroja.com.mx\/index.php?rest_route=%2Fwp%2Fv2%2Fcomments&post=22898"}],"version-history":[{"count":1,"href":"https:\/\/zonaroja.com.mx\/index.php?rest_route=\/wp\/v2\/posts\/22898\/revisions"}],"predecessor-version":[{"id":22900,"href":"https:\/\/zonaroja.com.mx\/index.php?rest_route=\/wp\/v2\/posts\/22898\/revisions\/22900"}],"wp:featuredmedia":[{"embeddable":true,"href":"https:\/\/zonaroja.com.mx\/index.php?rest_route=\/wp\/v2\/media\/22899"}],"wp:attachment":[{"href":"https:\/\/zonaroja.com.mx\/index.php?rest_route=%2Fwp%2Fv2%2Fmedia&parent=22898"}],"wp:term":[{"taxonomy":"category","embeddable":true,"href":"https:\/\/zonaroja.com.mx\/index.php?rest_route=%2Fwp%2Fv2%2Fcategories&post=22898"},{"taxonomy":"post_tag","embeddable":true,"href":"https:\/\/zonaroja.com.mx\/index.php?rest_route=%2Fwp%2Fv2%2Ftags&post=22898"}],"curies":[{"name":"wp","href":"https:\/\/api.w.org\/{rel}","templated":true}]}}