{"id":22901,"date":"2021-01-27T22:13:36","date_gmt":"2021-01-28T04:13:36","guid":{"rendered":"http:\/\/www.zonaroja.com.mx\/?p=22901"},"modified":"2021-01-27T22:13:39","modified_gmt":"2021-01-28T04:13:39","slug":"en-medio-de-acusaciones-sobre-vacunas-covid-director-de-issste-tuxtepec-se-va","status":"publish","type":"post","link":"https:\/\/zonaroja.com.mx\/?p=22901","title":{"rendered":"En medio de acusaciones sobre vacunas Covid, director de ISSSTE Tuxtepec se va"},"content":{"rendered":"\n<p>Redacci\u00f3n\/Zona Roja.<\/p>\n\n\n\n<p>Oaxaca de Ju\u00e1rez, Oax., 27 de enero de 2021.- A una semana de una serie de se\u00f1alamientos contra el director de la cl\u00ednica-hospital del ISSSTE en Tuxtepec, en la regi\u00f3n Cuenca de Oaxaca, sobre la aplicaci\u00f3n de vacunas contra el Covid-19, este mi\u00e9rcoles se dio a conocer que el responsable de esa instituci\u00f3n, V\u00edctor Mario Mart\u00ednez, deja el cargo.<\/p>\n\n\n\n<p>Fuentes al interior del nosocomio dieron a conocer versiones distintas de la separaci\u00f3n del funcionario, mientras que el del Instituto de Seguridad y Servicios Sociales de los Trabajadores del Estado (ISSSTE) a\u00fan no emite informaci\u00f3n oficial.<\/p>\n\n\n\n<p>Un grupo de trabajadores refiri\u00f3 que su salida obedece a las acusaciones sobre el mal uso de las vacunas Covid-19, en tanto que la segunda versi\u00f3n indica que se trata de un retiro programado desde hace varias semanas por razones personales, por lo que en pr\u00f3ximos d\u00edas dar\u00e1 fin a su relaci\u00f3n laboral.<\/p>\n\n\n\n<p>El conflicto comenz\u00f3 el pasado 21 de enero, cuando en medio de la jornada de vacunaci\u00f3n anti Covid al personal m\u00e9dico eventual de la instituci\u00f3n con sede en Tuxtepec, trabajadores del hospital denunciaron y exhibieron im\u00e1genes donde el director y la administrativa Ana Luz Azamar Palma abusaron de su cargo para beneficiar a sus familiares.<\/p>\n\n\n\n<p>Los servidores p\u00fablicos fueron se\u00f1alados de \u201cinfluyentismo\u201d para beneficiar a sus padres e hijos, por encima del personal m\u00e9dico para el que estaba destinado el biol\u00f3gico.<\/p>\n","protected":false},"excerpt":{"rendered":"<p>Redacci\u00f3n\/Zona Roja. Oaxaca de Ju\u00e1rez, Oax., 27 de enero de 2021.- A una semana de&hellip;<\/p>\n","protected":false},"author":2,"featured_media":13545,"comment_status":"closed","ping_status":"open","sticky":false,"template":"","format":"standard","meta":{"_lmt_disableupdate":"","_lmt_disable":"","_jetpack_memberships_contains_paid_content":false,"footnotes":""},"categories":[109,47],"tags":[2407,2406],"class_list":["post-22901","post","type-post","status-publish","format-standard","has-post-thumbnail","hentry","category-minuto-a-minuto","category-zona-gris","tag-hospital-issste-tuxtepec","tag-victor-mario-martinez"],"jetpack_featured_media_url":"https:\/\/zonaroja.com.mx\/wp-content\/uploads\/2020\/06\/ISSSTE-2.jpg","jetpack_sharing_enabled":true,"_links":{"self":[{"href":"https:\/\/zonaroja.com.mx\/index.php?rest_route=\/wp\/v2\/posts\/22901","targetHints":{"allow":["GET"]}}],"collection":[{"href":"https:\/\/zonaroja.com.mx\/index.php?rest_route=\/wp\/v2\/posts"}],"about":[{"href":"https:\/\/zonaroja.com.mx\/index.php?rest_route=\/wp\/v2\/types\/post"}],"author":[{"embeddable":true,"href":"https:\/\/zonaroja.com.mx\/index.php?rest_route=\/wp\/v2\/users\/2"}],"replies":[{"embeddable":true,"href":"https:\/\/zonaroja.com.mx\/index.php?rest_route=%2Fwp%2Fv2%2Fcomments&post=22901"}],"version-history":[{"count":1,"href":"https:\/\/zonaroja.com.mx\/index.php?rest_route=\/wp\/v2\/posts\/22901\/revisions"}],"predecessor-version":[{"id":22902,"href":"https:\/\/zonaroja.com.mx\/index.php?rest_route=\/wp\/v2\/posts\/22901\/revisions\/22902"}],"wp:featuredmedia":[{"embeddable":true,"href":"https:\/\/zonaroja.com.mx\/index.php?rest_route=\/wp\/v2\/media\/13545"}],"wp:attachment":[{"href":"https:\/\/zonaroja.com.mx\/index.php?rest_route=%2Fwp%2Fv2%2Fmedia&parent=22901"}],"wp:term":[{"taxonomy":"category","embeddable":true,"href":"https:\/\/zonaroja.com.mx\/index.php?rest_route=%2Fwp%2Fv2%2Fcategories&post=22901"},{"taxonomy":"post_tag","embeddable":true,"href":"https:\/\/zonaroja.com.mx\/index.php?rest_route=%2Fwp%2Fv2%2Ftags&post=22901"}],"curies":[{"name":"wp","href":"https:\/\/api.w.org\/{rel}","templated":true}]}}