{"id":22906,"date":"2021-01-28T07:39:34","date_gmt":"2021-01-28T13:39:34","guid":{"rendered":"http:\/\/www.zonaroja.com.mx\/?p=22906"},"modified":"2021-01-28T07:39:42","modified_gmt":"2021-01-28T13:39:42","slug":"en-plena-pandemia-gasto-murat-200-mil-para-promover-su-imagen-en-forbes","status":"publish","type":"post","link":"https:\/\/zonaroja.com.mx\/?p=22906","title":{"rendered":"En plena pandemia, gast\u00f3 Murat $200 mil para promover su imagen en Forbes"},"content":{"rendered":"\n<p>Redacci\u00f3n\/Estado 20.<\/p>\n\n\n\n<p>Oaxaca de Ju\u00e1rez, Oax., 28 de enero de 2021.- El gobernador de Oaxaca, Alejandro Murat Hinojosa, pag\u00f3 204 mil pesos con recursos p\u00fablicos por aparecer en la portada de la edici\u00f3n de la revista Forbes del mes de septiembre de 2020, revel\u00f3 Oaxaque\u00f1os Contra la Corrupci\u00f3n.<\/p>\n\n\n\n<p>Para promocionar su imagen en esta revista, el mandatario gast\u00f3 los m\u00e1s de 200 mil pesos a trav\u00e9s de la Secretar\u00eda de Econom\u00eda del Gobierno del estado y que encabeza Juan Pablo Guzm\u00e1n Cobi\u00e1n, como consta en el contrato de prestaci\u00f3n de servicios SE\/UJ\/PS01\/2020.<\/p>\n\n\n\n<p>Alejandro Murat, a trav\u00e9s de Juan Pablo Guzm\u00e1n, contrat\u00f3 a la empresa MEDIA BUSSINES GENERATORS S.A de C.V., el 18 de agosto de 2020, y la cual cuenta con un acuerdo de licencia otorgado por FORBES MEDIA LCC.<\/p>\n\n\n\n<p>La contrataci\u00f3n fue por el servicio denominado \u201cPARTICIPACI\u00d3N DE LA SECRETAR\u00cdA ECONOMIA DEL PODER EJECUTIVO DEL GOBIERNO DEL ESTADO DE OAXACA EN LA EDICI\u00d3N ESPECIAL DE FORBES REPORT PARA EL MES DE SEPTIEMBRE DE 2020\u201d.<\/p>\n\n\n\n<p>Sin embargo, como se ha mostrado, quien aparece en la portada promocionando su imagen personal es el gobernador de Oaxaca, Alejandro Murat, pese a que se vive una crisis sanitaria y econ\u00f3mica en el estado a causa de la pandemia del Covid-19.<\/p>\n\n\n\n<p>Seg\u00fan el contrato, detalla Oaxaque\u00f1os Contra la Corrupci\u00f3n, la empresa contratada se oblig\u00f3 a entregar el pasado 21 de agosto de 2020 la primera parte del servicio, consistente en \u201cBoceto de la maquetaci\u00f3n del dise\u00f1o editorial de la Plataforma Impresa y digital de Fobes Report para la Secretaria de Econom\u00eda del Gobierno del Estado de Oaxaca\u201d.<\/p>\n\n\n\n<p>En ese primer momento, el gobierno de Alejandro Murat pago con recursos p\u00fablicos la cantidad de 102 mil pesos.<\/p>\n\n\n\n<p>La segunda parte consisti\u00f3 en una plataforma impresa: 1 p\u00e1gina impresa para la Secretar\u00eda Econom\u00eda del Gobierno del Estado de Oaxaca, de 64 p\u00e1ginas en papel revista, sumado a esto 3 notas digitales en el portal www.forbes.com.mx durante el mes de septiembre, por lo que se pagaron otros 102 mil pesos de recursos p\u00fablicos.<\/p>\n\n\n\n<p>Oaxaque\u00f1os Contra la Corrupci\u00f3n critic\u00f3 que el mandatario Alejandro Murat utilice recursos p\u00fablicos de la Secretar\u00eda de Econom\u00eda para promocionar su imagen, cuando ya cuenta con un presupuesto millonario destinado en el rubro de comunicaci\u00f3n social.<\/p>\n\n\n\n<p>\u201cAl Gobierno del Estado de Oaxaca, no le bast\u00f3 el presupuesto millonario autorizado y ejercido por la Vocer\u00eda Estatal para exaltar y preparar el camino de Alejandro Murat Hinojosa para la contienda a la presidencia de la rep\u00fablica en el futuro.<\/p>\n\n\n\n<p>\u201cSi no que tuvo que utilizar el presupuesto de otras secretar\u00edas para promover su imagen p\u00fablica, en medio de una pandemia que azot\u00f3 y sigue afectando a la poblaci\u00f3n de Oaxaca y M\u00e9xico\u201d.<\/p>\n\n\n\n<p>Para Oaxaque\u00f1os Contra la Corrupci\u00f3n, quienes se ven afectados por estas decisiones es el personal m\u00e9dico y de enfermer\u00eda que est\u00e1 enfrentando la pandemia del Covid-19. \u201cEl gobierno de Oaxaca debi\u00f3 de ser austero en la ejecuci\u00f3n de gasto p\u00fablico ajeno a la materia de salud, y debi\u00f3 de utilizarse cada centavo para salvar vidas en el estado, para combatir la pandemia y sobre todo para que no existieran deficiencias en material para los que est\u00e1n en primera l\u00ednea\u201d, sentenci\u00f3.<\/p>\n","protected":false},"excerpt":{"rendered":"<p>Redacci\u00f3n\/Estado 20. Oaxaca de Ju\u00e1rez, Oax., 28 de enero de 2021.- El gobernador de Oaxaca,&hellip;<\/p>\n","protected":false},"author":2,"featured_media":22907,"comment_status":"closed","ping_status":"open","sticky":false,"template":"","format":"standard","meta":{"_lmt_disableupdate":"","_lmt_disable":"","_jetpack_memberships_contains_paid_content":false,"footnotes":""},"categories":[109,47],"tags":[2408],"class_list":["post-22906","post","type-post","status-publish","format-standard","has-post-thumbnail","hentry","category-minuto-a-minuto","category-zona-gris","tag-alejandro-murat-publicidad-forbes"],"jetpack_featured_media_url":"https:\/\/zonaroja.com.mx\/wp-content\/uploads\/2021\/01\/Forbes-Murat.jpg","jetpack_sharing_enabled":true,"_links":{"self":[{"href":"https:\/\/zonaroja.com.mx\/index.php?rest_route=\/wp\/v2\/posts\/22906","targetHints":{"allow":["GET"]}}],"collection":[{"href":"https:\/\/zonaroja.com.mx\/index.php?rest_route=\/wp\/v2\/posts"}],"about":[{"href":"https:\/\/zonaroja.com.mx\/index.php?rest_route=\/wp\/v2\/types\/post"}],"author":[{"embeddable":true,"href":"https:\/\/zonaroja.com.mx\/index.php?rest_route=\/wp\/v2\/users\/2"}],"replies":[{"embeddable":true,"href":"https:\/\/zonaroja.com.mx\/index.php?rest_route=%2Fwp%2Fv2%2Fcomments&post=22906"}],"version-history":[{"count":1,"href":"https:\/\/zonaroja.com.mx\/index.php?rest_route=\/wp\/v2\/posts\/22906\/revisions"}],"predecessor-version":[{"id":22908,"href":"https:\/\/zonaroja.com.mx\/index.php?rest_route=\/wp\/v2\/posts\/22906\/revisions\/22908"}],"wp:featuredmedia":[{"embeddable":true,"href":"https:\/\/zonaroja.com.mx\/index.php?rest_route=\/wp\/v2\/media\/22907"}],"wp:attachment":[{"href":"https:\/\/zonaroja.com.mx\/index.php?rest_route=%2Fwp%2Fv2%2Fmedia&parent=22906"}],"wp:term":[{"taxonomy":"category","embeddable":true,"href":"https:\/\/zonaroja.com.mx\/index.php?rest_route=%2Fwp%2Fv2%2Fcategories&post=22906"},{"taxonomy":"post_tag","embeddable":true,"href":"https:\/\/zonaroja.com.mx\/index.php?rest_route=%2Fwp%2Fv2%2Ftags&post=22906"}],"curies":[{"name":"wp","href":"https:\/\/api.w.org\/{rel}","templated":true}]}}