{"id":22909,"date":"2021-01-28T07:43:54","date_gmt":"2021-01-28T13:43:54","guid":{"rendered":"http:\/\/www.zonaroja.com.mx\/?p=22909"},"modified":"2021-01-28T07:43:59","modified_gmt":"2021-01-28T13:43:59","slug":"exhibe-inegi-a-gobierno-de-amlo-hay-45-mas-muertes-por-covid","status":"publish","type":"post","link":"https:\/\/zonaroja.com.mx\/?p=22909","title":{"rendered":"Exhibe Inegi a gobierno de AMLO: hay 45% m\u00e1s muertes por Covid"},"content":{"rendered":"\n<p>Redacci\u00f3n\/Zona Roja Cdmx.<\/p>\n\n\n\n<p>Ciudad de M\u00e9xico, 28 de enero de 2021.- Entre enero y agosto de 2020 murieron 108 mil 658 personas por Covid-19, cifra que es 45 por ciento mayor a los 75 mil 17 decesos reportados por la Secretar\u00eda de Salud en el mismo periodo, seg\u00fan Edgar Vielma, director general de estad\u00edsticas sociodemogr\u00e1ficas del Inegi.<\/p>\n\n\n\n<p>De acuerdo con un reporte del organismo, en la Secretar\u00eda de Salud existe un subregistro de 33 mil 641 fallecimientos.<\/p>\n\n\n\n<p>Esto se debe a que la secretar\u00eda \u201cs\u00f3lo captura los decesos ocurridos en los hospitales, lo cual es \u00fatil para ver tendencias\u201d, sin embargo, el resto sucede fuera de \u00e9stos, ya sea en casa, en la calle o el transporte\u00bb, precis\u00f3 el funcionario a \u201cEl Heraldo de M\u00e9xico\u201d.<\/p>\n\n\n\n<p>Los m\u00e1s de 108 mil fallecimientos por Covid-19 fueron recabados a partir de la revisi\u00f3n de los certificados de defunci\u00f3n, actas de defunci\u00f3n y cuadernos estad\u00edsticos, e incluyen casos sospechosos, explic\u00f3 el funcionario.<\/p>\n\n\n\n<p>El Inegi indic\u00f3 que, al corte del 26 de enero de 2021, la Secretar\u00eda de Salud ten\u00eda 75 mil 17 muertes confirmadas y registradas en su plataforma, correspondientes al periodo de enero a agosto.<\/p>\n\n\n\n<p>Sin embargo, el 31 de agosto, la dependencia hab\u00eda reportado en conferencia s\u00f3lo 64 mil 414 defunciones positivas a COVID.<\/p>\n\n\n\n<p>Edgar Vielma precis\u00f3 que la diferencia entre estas cifras responde a que la dependencia federal actualiza y rectifica sus sistemas conforme le llegan m\u00e1s informes, por ejemplo, de hospitales que tardan m\u00e1s en reportar sus defunciones.<\/p>\n\n\n\n<p>Incluso, propia Secretar\u00eda de Salud reconoce que podr\u00eda haber m\u00e1s defunciones entre enero y agosto de 2020, pues el grupo t\u00e9cnico sobre exceso de mortalidad prev\u00e9 que en el periodo enero-agosto existan hasta 126 mil 299 fallecimientos.<\/p>\n\n\n\n<p>Adem\u00e1s, el coronavirus SARS-CoV-2 se ubica como la segunda causa de muerte en el pa\u00eds, s\u00f3lo por debajo de las enfermedades del coraz\u00f3n, con 141 mil 873 defunciones en el mismo lapso, seg\u00fan el reporte.<\/p>\n\n\n\n<p>El organismo tambi\u00e9n present\u00f3 los datos de exceso de mortalidad por todas las causas de enero a agosto de 2020.<\/p>\n\n\n\n<p>Calcul\u00f3 que se esperaban 488 mil 343 defunciones para el periodo referido, sin embargo, ocurrieron 673 mil 260, por lo que hay un exceso de 184 mil 917 fallecimientos, equivalente a 38 por ciento.<\/p>\n\n\n\n<p>\u201cLa pandemia ocasionada por COVID-19 tuvo un efecto en el incremento de la mortalidad en general\u201d, se\u00f1ala el informe.<\/p>\n\n\n\n<p>(Informaci\u00f3n de \u201cEl Heraldo de M\u00e9xico\u201d)<\/p>\n","protected":false},"excerpt":{"rendered":"<p>Redacci\u00f3n\/Zona Roja Cdmx. Ciudad de M\u00e9xico, 28 de enero de 2021.- Entre enero y agosto&hellip;<\/p>\n","protected":false},"author":2,"featured_media":14866,"comment_status":"closed","ping_status":"open","sticky":false,"template":"","format":"standard","meta":{"_lmt_disableupdate":"","_lmt_disable":"","_jetpack_memberships_contains_paid_content":false,"footnotes":""},"categories":[109,47],"tags":[1328],"class_list":["post-22909","post","type-post","status-publish","format-standard","has-post-thumbnail","hentry","category-minuto-a-minuto","category-zona-gris","tag-coronavirus-mexico"],"jetpack_featured_media_url":"https:\/\/zonaroja.com.mx\/wp-content\/uploads\/2020\/07\/Fosas-Covid.jpg","jetpack_sharing_enabled":true,"_links":{"self":[{"href":"https:\/\/zonaroja.com.mx\/index.php?rest_route=\/wp\/v2\/posts\/22909","targetHints":{"allow":["GET"]}}],"collection":[{"href":"https:\/\/zonaroja.com.mx\/index.php?rest_route=\/wp\/v2\/posts"}],"about":[{"href":"https:\/\/zonaroja.com.mx\/index.php?rest_route=\/wp\/v2\/types\/post"}],"author":[{"embeddable":true,"href":"https:\/\/zonaroja.com.mx\/index.php?rest_route=\/wp\/v2\/users\/2"}],"replies":[{"embeddable":true,"href":"https:\/\/zonaroja.com.mx\/index.php?rest_route=%2Fwp%2Fv2%2Fcomments&post=22909"}],"version-history":[{"count":1,"href":"https:\/\/zonaroja.com.mx\/index.php?rest_route=\/wp\/v2\/posts\/22909\/revisions"}],"predecessor-version":[{"id":22910,"href":"https:\/\/zonaroja.com.mx\/index.php?rest_route=\/wp\/v2\/posts\/22909\/revisions\/22910"}],"wp:featuredmedia":[{"embeddable":true,"href":"https:\/\/zonaroja.com.mx\/index.php?rest_route=\/wp\/v2\/media\/14866"}],"wp:attachment":[{"href":"https:\/\/zonaroja.com.mx\/index.php?rest_route=%2Fwp%2Fv2%2Fmedia&parent=22909"}],"wp:term":[{"taxonomy":"category","embeddable":true,"href":"https:\/\/zonaroja.com.mx\/index.php?rest_route=%2Fwp%2Fv2%2Fcategories&post=22909"},{"taxonomy":"post_tag","embeddable":true,"href":"https:\/\/zonaroja.com.mx\/index.php?rest_route=%2Fwp%2Fv2%2Ftags&post=22909"}],"curies":[{"name":"wp","href":"https:\/\/api.w.org\/{rel}","templated":true}]}}