{"id":22911,"date":"2021-01-28T07:50:57","date_gmt":"2021-01-28T13:50:57","guid":{"rendered":"http:\/\/www.zonaroja.com.mx\/?p=22911"},"modified":"2021-01-28T07:51:00","modified_gmt":"2021-01-28T13:51:00","slug":"alertan-por-brote-de-casos-covid-en-santiago-choapam-en-la-cuenca","status":"publish","type":"post","link":"https:\/\/zonaroja.com.mx\/?p=22911","title":{"rendered":"Alertan por brote de casos Covid en Santiago Cho\u00e1pam, en la Cuenca"},"content":{"rendered":"\n<p>Yuridiana Sosa\/Zona Roja.<\/p>\n\n\n\n<p>San Juan Bautista Tuxtepec, Oax., 27 de enero de 2021.- Ante el registro inusual de casos sospechosos de Covid-19 en la comunidad de San Juan del R\u00edo, las autoridades municipales de Santiago Cho\u00e1pam, en la regi\u00f3n Cuenca de Oaxaca, alertaron de un posible brote masivo de contagio.<\/p>\n\n\n\n<p>Personal de la Jurisdicci\u00f3n Sanitaria n\u00famero 3  de los Servicios de Salud de Oaxaca (SSO) asisti\u00f3 y aplic\u00f3 pruebas r\u00e1pidas de Covid- 19 entre la comunidad. De 50 estudios realizados, 12, correspondiente al 24 por ciento, resultaron positivos.<\/p>\n\n\n\n<p>La Jurisdicci\u00f3n de Tuxtepec dio a conocer que las pruebas se aplicaron a personas entre 25 y 60 y m\u00e1s a\u00f1os de edad, de las que dieron positivo tres mujeres en el rango de edad de 45 a 49 a\u00f1os; cuatro masculinos de 45 a 49 a\u00f1os; tres m\u00e1s de 50 a 59 a\u00f1os y dos de 65 y m\u00e1s.<\/p>\n\n\n\n<p>Tres personas de esta comunidad se encuentran hospitalizadas, dos en el nosocomio general de Tuxtepec, con ventilaci\u00f3n mec\u00e1nica, y uno estable con tendencia a recuperarse en el IMSS.<\/p>\n\n\n\n<p>Sin embargo, de forma preliminar, las autoridades municipales, encabezadas por Evergisto Gamboa, dieron a conocer al medio de comunicaci\u00f3n TVBus que exist\u00edan al menos unos 400 casos sospechosos de coronavirus, de un aproximado de mil 200 habitantes en dicha comunidad, por lo que alertaron a la Jurisdicci\u00f3n Sanitaria para aplicar acciones de contenci\u00f3n de casos.<\/p>\n\n\n\n<p>Sobre el origen de este brote de casos, de forma extraoficial se detall\u00f3 que los contagios pudieron tener origen tras la visita de trabajo que realiz\u00f3 una banda de m\u00fasica al estado de Puebla.<\/p>\n\n\n\n<p>Al regreso del viaje, algunos de sus integrantes comenzaron a padecer los s\u00edntomas, as\u00ed como familiares y algunos otros habitantes de la comunidad.<\/p>\n\n\n\n<p>Este martes y mi\u00e9rcoles, personal de la Jurisdicci\u00f3n de Tuxtepec tambi\u00e9n llev\u00f3 a cabo labores de desinfecci\u00f3n de espacios p\u00fablicos y viviendas por medio de bombas de motor, as\u00ed como otorg\u00f3 material de protecci\u00f3n al personal de salud en la comunidad.<\/p>\n\n\n\n<p>Sin embargo, pese a los riesgos, la comunidad decidi\u00f3 correr a la doctora encargada del Centro de Salud, quien propuso a la poblaci\u00f3n declararse en cuarentena, seg\u00fan informaci\u00f3n extraoficial, pero al momento, las autoridades de la Jurisdicci\u00f3n Sanitaria de la regi\u00f3n han emitido informaci\u00f3n sobre la condici\u00f3n de la m\u00e9dica.<\/p>\n","protected":false},"excerpt":{"rendered":"<p>Yuridiana Sosa\/Zona Roja. San Juan Bautista Tuxtepec, Oax., 27 de enero de 2021.- Ante el&hellip;<\/p>\n","protected":false},"author":2,"featured_media":22912,"comment_status":"closed","ping_status":"open","sticky":false,"template":"","format":"standard","meta":{"_lmt_disableupdate":"","_lmt_disable":"","_jetpack_memberships_contains_paid_content":false,"footnotes":""},"categories":[109,47],"tags":[2409],"class_list":["post-22911","post","type-post","status-publish","format-standard","has-post-thumbnail","hentry","category-minuto-a-minuto","category-zona-gris","tag-santiago-choapam"],"jetpack_featured_media_url":"https:\/\/zonaroja.com.mx\/wp-content\/uploads\/2021\/01\/Santiago-Choapam.jpg","jetpack_sharing_enabled":true,"_links":{"self":[{"href":"https:\/\/zonaroja.com.mx\/index.php?rest_route=\/wp\/v2\/posts\/22911","targetHints":{"allow":["GET"]}}],"collection":[{"href":"https:\/\/zonaroja.com.mx\/index.php?rest_route=\/wp\/v2\/posts"}],"about":[{"href":"https:\/\/zonaroja.com.mx\/index.php?rest_route=\/wp\/v2\/types\/post"}],"author":[{"embeddable":true,"href":"https:\/\/zonaroja.com.mx\/index.php?rest_route=\/wp\/v2\/users\/2"}],"replies":[{"embeddable":true,"href":"https:\/\/zonaroja.com.mx\/index.php?rest_route=%2Fwp%2Fv2%2Fcomments&post=22911"}],"version-history":[{"count":1,"href":"https:\/\/zonaroja.com.mx\/index.php?rest_route=\/wp\/v2\/posts\/22911\/revisions"}],"predecessor-version":[{"id":22913,"href":"https:\/\/zonaroja.com.mx\/index.php?rest_route=\/wp\/v2\/posts\/22911\/revisions\/22913"}],"wp:featuredmedia":[{"embeddable":true,"href":"https:\/\/zonaroja.com.mx\/index.php?rest_route=\/wp\/v2\/media\/22912"}],"wp:attachment":[{"href":"https:\/\/zonaroja.com.mx\/index.php?rest_route=%2Fwp%2Fv2%2Fmedia&parent=22911"}],"wp:term":[{"taxonomy":"category","embeddable":true,"href":"https:\/\/zonaroja.com.mx\/index.php?rest_route=%2Fwp%2Fv2%2Fcategories&post=22911"},{"taxonomy":"post_tag","embeddable":true,"href":"https:\/\/zonaroja.com.mx\/index.php?rest_route=%2Fwp%2Fv2%2Ftags&post=22911"}],"curies":[{"name":"wp","href":"https:\/\/api.w.org\/{rel}","templated":true}]}}