{"id":22922,"date":"2021-01-28T14:36:54","date_gmt":"2021-01-28T20:36:54","guid":{"rendered":"http:\/\/www.zonaroja.com.mx\/?p=22922"},"modified":"2021-01-28T14:36:58","modified_gmt":"2021-01-28T20:36:58","slug":"onu-condena-asesinato-de-defensor-oaxaqueno-se-suma-a-exigencia-de-justicia","status":"publish","type":"post","link":"https:\/\/zonaroja.com.mx\/?p=22922","title":{"rendered":"ONU condena asesinato de defensor oaxaque\u00f1o; se suma a exigencia de justicia"},"content":{"rendered":"\n<p>Evlin Arag\u00f3n\/Zona Roja.<\/p>\n\n\n\n<p>Oaxaca de Ju\u00e1rez, Oax., 28 de enero de 2021.- La Oficina en M\u00e9xico del Alto Comisionado de las Naciones Unidas para los Derechos Humanos (ONU-DH), conden\u00f3 el asesinato del defensor comunitario Fidel Heras Cruz, el cual dijo muestra la vulnerabilidad en la que se encuentran las personas defensoras en M\u00e9xico.<\/p>\n\n\n\n<p>De acuerdo con Guillermo Fern\u00e1ndez-Maldonado, representante de la ONU-DH en M\u00e9xico, existe una percepci\u00f3n err\u00f3nea con respecto a que asesinar personas defensoras de derechos reduce el activismo, lo anterior resulta ser hasta cierto punto real debido a los niveles de impunidad que se registran para dar con el paradero de los responsables y sancionarlos conforme a la ley.&nbsp;&nbsp;<\/p>\n\n\n\n<p>\u201c\u00danicamente la investigaci\u00f3n efectiva de estos hechos, que logre llevar ante la justicia tanto a los autores directos del asesinato como a sus autores intelectuales, ser\u00e1 capaz de enviar un claro mensaje a los perpetradores de que no escapar\u00e1n de la sanci\u00f3n de la justicia\u201d, se\u00f1al\u00f3.&nbsp;<\/p>\n\n\n\n<p>En este sentido, evidenci\u00f3 la falla del Estado para garantizar la seguridad de las y los defensores, toda vez que Heras Cruz ya hab\u00eda recibido amenazas vinculadas a su labor en m\u00faltiples ocasiones, incluso dos d\u00edas antes de su muerte, recibi\u00f3 un an\u00f3nimo con amenazas de muerte.<\/p>\n\n\n\n<p>De ah\u00ed que solicit\u00f3 que la investigaci\u00f3n emprendida por la autoridad estatal considere dichas amenazas, as\u00ed como la posible vinculaci\u00f3n de su asesinato con su labor de defensa de la tierra y el territorio.<\/p>\n\n\n\n<p>Fern\u00e1ndez-Maldonado dio a conocer que durante el 2020 la ONU-DH document\u00f3 los casos de al menos siete personas defensoras de derechos humanos que habr\u00edan sido asesinadas por razones posiblemente vinculadas a su labor de defensa<\/p>\n\n\n\n<p>Por lo anterior, advirti\u00f3 que el proceso electoral en curso en M\u00e9xico podr\u00eda aumentar los ataques y asesinatos de personas defensoras de derechos, quienes suelen denunciar actos de corrupci\u00f3n o abuso de poder o que critican proyectos que afectan a la tierra y el territorio.<\/p>\n\n\n\n<p>\u201cEn 2021, M\u00e9xico vivir\u00e1 un proceso electoral en el que se renovar\u00e1n numerosos cargos p\u00fablicos. En este contexto es posible que las personas defensoras de derechos humanos que denuncian actos de corrupci\u00f3n o abuso de poder o que critican proyectos que afectan a la tierra y el territorio, puedan enfrentar riesgos a\u00fan mayores, lo que debe considerarse para la adopci\u00f3n de medidas de prevenci\u00f3n y protecci\u00f3n necesarias,\u201d sentenci\u00f3 el se\u00f1or Fern\u00e1ndez-Maldonado.<\/p>\n\n\n\n<p>Fidel Heras Cruz era presidente del Comisariado Ejidal de Paso de la Reyna, en el municipio de Santiago Jamiltepec, miembro activo del Consejo del Pueblos Unidos por la Defensa del R\u00edo Verde (Copudever) y en los \u00faltimos a\u00f1os hab\u00eda participado activamente en acciones para controlar la extracci\u00f3n masiva de material p\u00e9treo en la zona del r\u00edo \u201cVerde\u201d.&nbsp;<\/p>\n\n\n\n<p>El 23 de enero su cuerpo sin vida y con varios impactos de arma de fuego fue encontrado en el interior de su camioneta, cerca de la comunidad La Esperanza, en el municipio de Santiago Jamiltepec.<\/p>\n","protected":false},"excerpt":{"rendered":"<p>Evlin Arag\u00f3n\/Zona Roja. Oaxaca de Ju\u00e1rez, Oax., 28 de enero de 2021.- La Oficina en&hellip;<\/p>\n","protected":false},"author":2,"featured_media":22923,"comment_status":"closed","ping_status":"open","sticky":false,"template":"","format":"standard","meta":{"_lmt_disableupdate":"","_lmt_disable":"","_jetpack_memberships_contains_paid_content":false,"footnotes":""},"categories":[109,47],"tags":[2398],"class_list":["post-22922","post","type-post","status-publish","format-standard","has-post-thumbnail","hentry","category-minuto-a-minuto","category-zona-gris","tag-fidel-heras-cruz"],"jetpack_featured_media_url":"https:\/\/zonaroja.com.mx\/wp-content\/uploads\/2021\/01\/ONU-Derechos-Humanos.png","jetpack_sharing_enabled":true,"_links":{"self":[{"href":"https:\/\/zonaroja.com.mx\/index.php?rest_route=\/wp\/v2\/posts\/22922","targetHints":{"allow":["GET"]}}],"collection":[{"href":"https:\/\/zonaroja.com.mx\/index.php?rest_route=\/wp\/v2\/posts"}],"about":[{"href":"https:\/\/zonaroja.com.mx\/index.php?rest_route=\/wp\/v2\/types\/post"}],"author":[{"embeddable":true,"href":"https:\/\/zonaroja.com.mx\/index.php?rest_route=\/wp\/v2\/users\/2"}],"replies":[{"embeddable":true,"href":"https:\/\/zonaroja.com.mx\/index.php?rest_route=%2Fwp%2Fv2%2Fcomments&post=22922"}],"version-history":[{"count":1,"href":"https:\/\/zonaroja.com.mx\/index.php?rest_route=\/wp\/v2\/posts\/22922\/revisions"}],"predecessor-version":[{"id":22924,"href":"https:\/\/zonaroja.com.mx\/index.php?rest_route=\/wp\/v2\/posts\/22922\/revisions\/22924"}],"wp:featuredmedia":[{"embeddable":true,"href":"https:\/\/zonaroja.com.mx\/index.php?rest_route=\/wp\/v2\/media\/22923"}],"wp:attachment":[{"href":"https:\/\/zonaroja.com.mx\/index.php?rest_route=%2Fwp%2Fv2%2Fmedia&parent=22922"}],"wp:term":[{"taxonomy":"category","embeddable":true,"href":"https:\/\/zonaroja.com.mx\/index.php?rest_route=%2Fwp%2Fv2%2Fcategories&post=22922"},{"taxonomy":"post_tag","embeddable":true,"href":"https:\/\/zonaroja.com.mx\/index.php?rest_route=%2Fwp%2Fv2%2Ftags&post=22922"}],"curies":[{"name":"wp","href":"https:\/\/api.w.org\/{rel}","templated":true}]}}